{"id":115971,"date":"2021-06-29T05:13:43","date_gmt":"2021-06-29T08:13:43","guid":{"rendered":"http:\/\/argentinamunicipal.com.ar\/argentina\/?p=115971"},"modified":"2021-06-28T19:19:04","modified_gmt":"2021-06-28T22:19:04","slug":"festram-expreso-su-apoyo-al-sitram-reconquista-y-su-solidaridad-con-la-companera-victima-de-violencia-institucional","status":"publish","type":"post","link":"http:\/\/argentinamunicipal.com.ar\/argentina\/festram-expreso-su-apoyo-al-sitram-reconquista-y-su-solidaridad-con-la-companera-victima-de-violencia-institucional\/","title":{"rendered":"FeSTraM expres\u00f3 su apoyo al SiTraM Reconquista y su solidaridad con la compa\u00f1era v\u00edctima de violencia institucional"},"content":{"rendered":"<p>La Federaci\u00f3n de Sindicatos de Trabajadores Municipales de la Provincia de Santa Fe, desea expresar su apoyo al SITRAM Reconquista y su solidaridad con la compa\u00f1era v\u00edctima de violencia institucional.<\/p>\n<p>El conflicto suscitado en dicha ciudad por la ocupaci\u00f3n de tierras y la forma en que el mismo ha sido manejado por el Ministerio P\u00fablico de la Acusaci\u00f3n, es una clara demostraci\u00f3n de autoritarismo y de generar violencia ante un hecho de enorme complejidad como lo es el derecho a la tierra y a una vivienda digna.<\/p>\n<p>Los procedimientos del MPA no asumiendo m\u00ednimas condiciones de respeto a las personas, incluidos ni\u00f1os; la irrupci\u00f3n de personajes pol\u00edticos ligados a Cambiemos, y la falta de una pol\u00edtica en la materia de la propia Municipalidad y desde hace a\u00f1os del Estado provincial, han confluido en el desborde y mal manejo de esta situaci\u00f3n, siendo los trabajadores y trabajadores municipales quienes, en repetidas ocasiones, deben ser parte de situaciones sobre las cuales no son consultados ni tienen poder de decisi\u00f3n, pero sin embargo afrontan la tarea de buscar consensos, y construir canales de di\u00e1logo.<\/p>\n<p>Tipificar una toma de tierras como un delito sin conocer historias, contextos, pol\u00edticas y realidades familiares y personales, plantea un escenario de conflicto, a\u00fan antes de que el mismo se presente. Urgimos por lo tanto, al Estado Municipal y al Gobierno de la Provincia de Santa Fe a adoptar medidas que descompriman la situaci\u00f3n y a elaborar una estrategia integral para abordar la problem\u00e1tica del h\u00e1bitat en todo nuestro territorio.<\/p>\n<h6>Fuente : radioamanecer.com.ar<\/h6>\n","protected":false},"excerpt":{"rendered":"<p>La Federaci\u00f3n de Sindicatos de Trabajadores Municipales de la Provincia de Santa Fe, desea expresar su apoyo al SITRAM Reconquista y su solidaridad con la compa\u00f1era v\u00edctima de violencia institucional.<\/p>\n","protected":false},"author":2,"featured_media":115972,"comment_status":"closed","ping_status":"closed","sticky":false,"template":"","format":"standard","meta":{"footnotes":""},"categories":[7],"tags":[10],"class_list":["post-115971","post","type-post","status-publish","format-standard","has-post-thumbnail","hentry","category-informe-sindical","tag-santa-fe"],"_links":{"self":[{"href":"http:\/\/argentinamunicipal.com.ar\/argentina\/wp-json\/wp\/v2\/posts\/115971","targetHints":{"allow":["GET"]}}],"collection":[{"href":"http:\/\/argentinamunicipal.com.ar\/argentina\/wp-json\/wp\/v2\/posts"}],"about":[{"href":"http:\/\/argentinamunicipal.com.ar\/argentina\/wp-json\/wp\/v2\/types\/post"}],"author":[{"embeddable":true,"href":"http:\/\/argentinamunicipal.com.ar\/argentina\/wp-json\/wp\/v2\/users\/2"}],"replies":[{"embeddable":true,"href":"http:\/\/argentinamunicipal.com.ar\/argentina\/wp-json\/wp\/v2\/comments?post=115971"}],"version-history":[{"count":0,"href":"http:\/\/argentinamunicipal.com.ar\/argentina\/wp-json\/wp\/v2\/posts\/115971\/revisions"}],"wp:featuredmedia":[{"embeddable":true,"href":"http:\/\/argentinamunicipal.com.ar\/argentina\/wp-json\/wp\/v2\/media\/115972"}],"wp:attachment":[{"href":"http:\/\/argentinamunicipal.com.ar\/argentina\/wp-json\/wp\/v2\/media?parent=115971"}],"wp:term":[{"taxonomy":"category","embeddable":true,"href":"http:\/\/argentinamunicipal.com.ar\/argentina\/wp-json\/wp\/v2\/categories?post=115971"},{"taxonomy":"post_tag","embeddable":true,"href":"http:\/\/argentinamunicipal.com.ar\/argentina\/wp-json\/wp\/v2\/tags?post=115971"}],"curies":[{"name":"wp","href":"https:\/\/api.w.org\/{rel}","templated":true}]}}