{"id":116168,"date":"2021-07-02T04:23:17","date_gmt":"2021-07-02T07:23:17","guid":{"rendered":"http:\/\/argentinamunicipal.com.ar\/argentina\/?p=116168"},"modified":"2021-07-01T19:24:56","modified_gmt":"2021-07-01T22:24:56","slug":"santa-fe-intendentes-socialistas-marcan-el-ritmo-electoral","status":"publish","type":"post","link":"http:\/\/argentinamunicipal.com.ar\/argentina\/santa-fe-intendentes-socialistas-marcan-el-ritmo-electoral\/","title":{"rendered":"Santa Fe: Intendentes socialistas marcan el ritmo electoral"},"content":{"rendered":"<p>Emilio Jat\u00f3n, Alberto Ricci, Omar Colombo, Silvio Gonz\u00e1lez y Mart\u00edn Gherardi mantuvieron un encuentro en Santa Fe donde coincidieron en la necesidad de reconfigurar un proyecto pol\u00edtico con base en los gobiernos locales y ampliar el Frente Progresista<\/p>\n<p>Los cinco intendentes que representan al Partido Socialista se reunieron en la ciudad de Santa Fe para analizar la situaci\u00f3n general de sus respectivas localidades, compartir experiencias de gesti\u00f3n que puedan ser replicadas, discutir acciones concretas relacionadas a la pandemia y conversar sobre el escenario electoral que se avecina.<br \/>\nDel encuentro participaron los intendentes de Santa Fe, Emilio Jat\u00f3n; de Villa Gobernador G\u00e1lvez, Alberto Ricci; de Recreo, Omar Colombo; de San Jos\u00e9 del Rinc\u00f3n, Silvio Gonz\u00e1lez; y de Pueblo Esther, Mart\u00edn Gherardi. El socialismo gobierna esas cinco intendencias, tiene 70 presidentes comunales y m\u00e1s de 30 concejales en toda la provincia.<br \/>\nCon esa fortaleza territorial los intendentes coincidieron en que el socialismo se debe fortalecer desde las gestiones municipales y comunales. A su vez, dejaron en claro que es necesario avanzar en una estrategia pol\u00edtica com\u00fan, donde la mirada de los gobiernos\u00a0locales\u00a0sea muy tenida en cuenta para afrontar el proceso electoral.<\/p>\n<p>La reciente muerte de Miguel Lifschitz, al cual destacaron al igual que a Hermes Binner, a un a\u00f1o de su fallecimiento, abri\u00f3 un panorama distinto en todo el arco pol\u00edtico santafesino y los intendentes del PS entienden que lleg\u00f3 el momento de sumar a nuevos y m\u00e1s actores a la construcci\u00f3n de un Frente Progresista m\u00e1s amplio y participativo.<\/p>\n<p>Los intendentes acordaron objetivos comunes para avanzar en gestiones que son prioritarias para cada administraci\u00f3n y valoraron la reconfiguraci\u00f3n de un proyecto pol\u00edtico con base en los gobiernos locales.\u00a0Por \u00faltimo, los cinco intendentes coincidieron en la necesidad de reunir al Foro de Autoridades Locales del PS para los pr\u00f3ximos d\u00edas.<\/p>\n<h6>Fuente: Uno<\/h6>\n","protected":false},"excerpt":{"rendered":"<p>Emilio Jat\u00f3n, Alberto Ricci, Omar Colombo, Silvio Gonz\u00e1lez y Mart\u00edn Gherardi mantuvieron un encuentro en Santa Fe donde coincidieron en la necesidad de reconfigurar un proyecto pol\u00edtico con base en los gobiernos locales y ampliar el Frente Progresista<\/p>\n","protected":false},"author":2,"featured_media":116169,"comment_status":"closed","ping_status":"closed","sticky":false,"template":"","format":"standard","meta":{"footnotes":""},"categories":[4],"tags":[10],"class_list":["post-116168","post","type-post","status-publish","format-standard","has-post-thumbnail","hentry","category-informe-politico","tag-santa-fe"],"_links":{"self":[{"href":"http:\/\/argentinamunicipal.com.ar\/argentina\/wp-json\/wp\/v2\/posts\/116168","targetHints":{"allow":["GET"]}}],"collection":[{"href":"http:\/\/argentinamunicipal.com.ar\/argentina\/wp-json\/wp\/v2\/posts"}],"about":[{"href":"http:\/\/argentinamunicipal.com.ar\/argentina\/wp-json\/wp\/v2\/types\/post"}],"author":[{"embeddable":true,"href":"http:\/\/argentinamunicipal.com.ar\/argentina\/wp-json\/wp\/v2\/users\/2"}],"replies":[{"embeddable":true,"href":"http:\/\/argentinamunicipal.com.ar\/argentina\/wp-json\/wp\/v2\/comments?post=116168"}],"version-history":[{"count":0,"href":"http:\/\/argentinamunicipal.com.ar\/argentina\/wp-json\/wp\/v2\/posts\/116168\/revisions"}],"wp:featuredmedia":[{"embeddable":true,"href":"http:\/\/argentinamunicipal.com.ar\/argentina\/wp-json\/wp\/v2\/media\/116169"}],"wp:attachment":[{"href":"http:\/\/argentinamunicipal.com.ar\/argentina\/wp-json\/wp\/v2\/media?parent=116168"}],"wp:term":[{"taxonomy":"category","embeddable":true,"href":"http:\/\/argentinamunicipal.com.ar\/argentina\/wp-json\/wp\/v2\/categories?post=116168"},{"taxonomy":"post_tag","embeddable":true,"href":"http:\/\/argentinamunicipal.com.ar\/argentina\/wp-json\/wp\/v2\/tags?post=116168"}],"curies":[{"name":"wp","href":"https:\/\/api.w.org\/{rel}","templated":true}]}}