{"id":116244,"date":"2021-07-06T05:50:06","date_gmt":"2021-07-06T08:50:06","guid":{"rendered":"http:\/\/argentinamunicipal.com.ar\/argentina\/?p=116244"},"modified":"2021-07-05T20:45:28","modified_gmt":"2021-07-05T23:45:28","slug":"reconquista-siguen-los-cruces-tras-las-usurpaciones-y-detenciones","status":"publish","type":"post","link":"http:\/\/argentinamunicipal.com.ar\/argentina\/reconquista-siguen-los-cruces-tras-las-usurpaciones-y-detenciones\/","title":{"rendered":"Reconquista: Siguen los cruces tras las usurpaciones y detenciones"},"content":{"rendered":"<p>\u00abEl poder judicial nos quiere responsabilizar de generar expectativa\u00bb, expres\u00f3 el titular del SITRAM Reconquista, que realiz\u00f3 un discurso frente al MPA en el marco de la movilizaci\u00f3n en respaldo a los empleados municipales imputados.<\/p>\n<p>En la ma\u00f1ana del jueves, organizaciones como el Movimiento Evita y la Corriente Clasista y Combativa, se manifestaron frente a la sede del Ministerio P\u00fablico de la Acusaci\u00f3n en Reconquista. La concentraci\u00f3n se diagram\u00f3 para apoyar a tres empleadas del municipio que imputar\u00edan en el marco de la causa por las \u00abusurpaciones\u00bb.<\/p>\n<p>En ese contexto, Aldo Sotelo, titular del SITRAM Reconquista manifest\u00f3: \u00abLas compa\u00f1eras de la Direcci\u00f3n de Tierra y Vivienda, as\u00ed como los compa\u00f1eros inspectores, muchas veces\u00a0son agredidos en la v\u00eda p\u00fablica\u00a0por quienes no entienden que nosotros somos trabajadores y que estamos cumpliendo una tarea asignada\u00bb.<\/p>\n<p>\u00ab\u00bfC\u00f3mo las compa\u00f1eras no van a estar en riesgo permanente, las compa\u00f1eras de la Direcci\u00f3n Tierra y Vivienda como todos los trabajadores, cuando se re\u00fanen con quienes necesitan ese acceso a la tierra, a la vivienda?\u00a0Est\u00e1n caminando siempre con una l\u00ednea muy delgada en su tarea todos los d\u00edas.\u00a0Y es l\u00f3gico que un funcionario o un empleado genere expectativa en la poblaci\u00f3n que necesita. \u00bfC\u00f3mo no va a generar expectativas?\u00bb, expres\u00f3.<\/p>\n<p>\u00abHace un tiempo atr\u00e1s nosotros ven\u00edamos escuchando hablar a nuestro intendente de que hab\u00eda 1000 lotes en ese lugar que hoy se est\u00e1 tratando de terminar ese acuerdo con la familia Cian para poder dividir esos lotes, entregar una parte a la CGT y entregar otra parte como lotes sociales. Esto se viene hablando desde hace mucho tiempo, ha sido p\u00fablico absolutamente todo este tema. Entonces,\u00a0pretender responsabilizar a las trabajadoras de que han generado expectativas en alg\u00fan sector no corresponde bajo ning\u00fan punto de vista tenerlas ac\u00e1 acusadas\u00bb, sostuvo.<\/p>\n<p>\u00abLas compa\u00f1eras del \u00e1rea de Vivienda lo vienen trabajando desde hace mucho. Con nosotros lo hablaron hace mucho tiempo. \u00bfD\u00f3nde est\u00e1 el delito de que el intendente le diga a la CGT que para ustedes tambi\u00e9n va a haber viviendas?\u00a0Tenemos esta mec\u00e1nica de trabajo desde hace much\u00edsimos a\u00f1os en Reconquista\u00bb, asegur\u00f3 Sotelo.<\/p>\n<p>\u00abAc\u00e1 hay una necesidad real de vivienda y hay que trabajar, y bienvenida la mesa de trabajo que se ha conformado para poder avanzar en soluciones que necesita la poblaci\u00f3n de Reconquista.\u00a0No se puede responsabilizar a quienes est\u00e1n poniendo la cara todos los d\u00edas, enfrentando situaciones dif\u00edciles, complejas, en un marco econ\u00f3mico complicad\u00edsimo cuando hay mucha gente que ha perdido su empleo, cuando hay mucha gente que en este invierno tiene mucho fr\u00edo, y ah\u00ed est\u00e1n las asistentes sociales municipales trabajando todos los d\u00edas atendiendo cada una de las necesidades que tiene nuestra poblaci\u00f3n\u00bb, manifest\u00f3 el titular del SITRAM en su discurso frente al MPA.<\/p>\n<p>Adem\u00e1s, apunt\u00f3 que \u00abel macrismo le ha hecho un da\u00f1o tremendo al pa\u00eds, y\u00a0hoy se creen con derecho a criticar a los trabajadores municipales. Quieren disciplinar pero no lo van a lograr, es importante estar unidos y organizados\u00bb.<\/p>\n<h6>Fuente: Sin Mordaza<\/h6>\n","protected":false},"excerpt":{"rendered":"<p>\u00abEl poder judicial nos quiere responsabilizar de generar expectativa\u00bb, expres\u00f3 el titular del SITRAM Reconquista, que realiz\u00f3 un discurso frente al MPA en el marco de la movilizaci\u00f3n en respaldo a los empleados municipales imputados.<\/p>\n","protected":false},"author":2,"featured_media":116245,"comment_status":"closed","ping_status":"closed","sticky":false,"template":"","format":"standard","meta":{"footnotes":""},"categories":[4],"tags":[10],"class_list":["post-116244","post","type-post","status-publish","format-standard","has-post-thumbnail","hentry","category-informe-politico","tag-santa-fe"],"_links":{"self":[{"href":"http:\/\/argentinamunicipal.com.ar\/argentina\/wp-json\/wp\/v2\/posts\/116244","targetHints":{"allow":["GET"]}}],"collection":[{"href":"http:\/\/argentinamunicipal.com.ar\/argentina\/wp-json\/wp\/v2\/posts"}],"about":[{"href":"http:\/\/argentinamunicipal.com.ar\/argentina\/wp-json\/wp\/v2\/types\/post"}],"author":[{"embeddable":true,"href":"http:\/\/argentinamunicipal.com.ar\/argentina\/wp-json\/wp\/v2\/users\/2"}],"replies":[{"embeddable":true,"href":"http:\/\/argentinamunicipal.com.ar\/argentina\/wp-json\/wp\/v2\/comments?post=116244"}],"version-history":[{"count":0,"href":"http:\/\/argentinamunicipal.com.ar\/argentina\/wp-json\/wp\/v2\/posts\/116244\/revisions"}],"wp:featuredmedia":[{"embeddable":true,"href":"http:\/\/argentinamunicipal.com.ar\/argentina\/wp-json\/wp\/v2\/media\/116245"}],"wp:attachment":[{"href":"http:\/\/argentinamunicipal.com.ar\/argentina\/wp-json\/wp\/v2\/media?parent=116244"}],"wp:term":[{"taxonomy":"category","embeddable":true,"href":"http:\/\/argentinamunicipal.com.ar\/argentina\/wp-json\/wp\/v2\/categories?post=116244"},{"taxonomy":"post_tag","embeddable":true,"href":"http:\/\/argentinamunicipal.com.ar\/argentina\/wp-json\/wp\/v2\/tags?post=116244"}],"curies":[{"name":"wp","href":"https:\/\/api.w.org\/{rel}","templated":true}]}}