{"id":116247,"date":"2021-07-06T05:30:03","date_gmt":"2021-07-06T08:30:03","guid":{"rendered":"http:\/\/argentinamunicipal.com.ar\/argentina\/?p=116247"},"modified":"2021-07-05T20:48:09","modified_gmt":"2021-07-05T23:48:09","slug":"santa-fe-huerta-familiar-ya-produjo-un-ahorro-de-500-millones-de-pesos","status":"publish","type":"post","link":"http:\/\/argentinamunicipal.com.ar\/argentina\/santa-fe-huerta-familiar-ya-produjo-un-ahorro-de-500-millones-de-pesos\/","title":{"rendered":"Santa Fe: Huerta Familiar ya produjo un ahorro de 500 millones de pesos"},"content":{"rendered":"<p>As\u00ed lo afirm\u00f3 Fabricio Medina, Secretario de Desarrollo Territorial y Arraigo de la provincia. Fueron entregados 100 mil kits en m\u00e1s de 300 localidades.<\/p>\n<p>Este lunes se inici\u00f3 la tercera etapa de la entrega de semillas del programa Huerta Familiar Santafesina. En di\u00e1logo con el m\u00f3vil de\u00a0Cadena OH!,\u00a0Fabricio Medina, Secretario de Desarrollo Territorial y Arraigo\u00a0de la provincia cont\u00f3 que est\u00e1n muy contentos por los resultados. \u00abEste programa inici\u00f3 en plena pandemia, el gobernador nos encarg\u00f3 que la gente empiece a producir el alimento en su casa, aprovechando el tiempo disponible por el aislamiento, record\u00f3. \u00abLa verdad es que hemos tenido una gran respuesta de la gente\u00bb.<\/p>\n<p>Este programa\u00a0se complementa con el Pro Huerta, un hist\u00f3rico programa de Instituto Nacional de Tecnolog\u00eda Agropeacuaria (INTA) y del Ministerio de Desarrollo Social de la Naci\u00f3n, que entrega semillas todos los a\u00f1os. Pero en este caso, se trata de un programa de huerta urbana, m\u00e1s peque\u00f1a.<\/p>\n<p><strong>Entregas<\/strong><br \/>\nEn la ciudad capital el operativo comenz\u00f3 este lunes y se extender\u00e1 durante los d\u00edas martes 6, mi\u00e9rcoles 7, jueves 8 y lunes 12 de julio en distintos puntos de entrega. En tanto que en Rosario la entrega comenzar\u00e1 este mi\u00e9rcoles y se extender\u00e1 hasta el mi\u00e9rcoles 7, jueves 8, lunes 12, mi\u00e9rcoles 14 y jueves 15 de julio. \u00abLos kits contienen semillas de estaci\u00f3n, en este caso\u00a0de oto\u00f1o\/invierno, con ocho cultivos\u00bb, inform\u00f3.<\/p>\n<p>Y explic\u00f3 que \u00abiniciamos con una primera entrega, con 50 mil kit en oto\u00f1o invierno de 2020, luego en primavera verano 2020\/2021 entregamos otros 50 mil kits m\u00e1s. As\u00ed\u00a0\u00a0alcanzamos 327 localidades en toda la provincia de Santa Fe. Por eso hablamos de un programa que tiene una gran llegada a todos los hogares de la gente\u00bb.<\/p>\n<p>\u00abEl beneficio econ\u00f3mico, estimado en ahorro real por los dos kits lo establecimos en\u00a011 mil pesos. Esto es lo que la gente se ahorra en su econom\u00eda familiar por producir alimentos que contribuyen a la soberan\u00eda alimentaria, a la buena alimentaci\u00f3n. Que tambi\u00e9n generan los valores del trabajo y de armar esto en la familia\u00bb, revel\u00f3 Medina.<\/p>\n<p>Y a\u00f1adi\u00f3 que este programa \u00abfue a lo urbano, derecho a la casa de la gente, eso fue lo que m\u00e1s nos sorprendi\u00f3. El 30 por ciento de la gente que se inscribi\u00f3 ten\u00eda huerta en su casa y en la segunda inscripci\u00f3n ese n\u00famero ascendi\u00f3 al 65 por ciento. La primera tuvimos 42 mil inscripciones, en la segunda 43 mil\u00bb.<\/p>\n<p>M\u00e1s all\u00e1 de los kits de semillas que se entregan, Medina remarc\u00f3 la log\u00edstica y la articulaci\u00f3n territorial que requieren.<\/p>\n<p>Por \u00faltimo, explic\u00f3 que \u00abel impacto econ\u00f3mico del programa produjo un ahorro superior a los 500 millones de pesos en toda la provincia, si uno monetiza los 100 mil kits que hemos entregado. Creemos en un impacto econ\u00f3mico y que el territorio, con estos programas, responde de la mejor manera\u00bb.<\/p>\n<h6>Fuente: sin Mordaza<\/h6>\n","protected":false},"excerpt":{"rendered":"<p>As\u00ed lo afirm\u00f3 Fabricio Medina, Secretario de Desarrollo Territorial y Arraigo de la provincia. Fueron entregados 100 mil kits en m\u00e1s de 300 localidades.<\/p>\n","protected":false},"author":2,"featured_media":116248,"comment_status":"closed","ping_status":"closed","sticky":false,"template":"","format":"standard","meta":{"footnotes":""},"categories":[2],"tags":[10],"class_list":["post-116247","post","type-post","status-publish","format-standard","has-post-thumbnail","hentry","category-informe-municipal","tag-santa-fe"],"_links":{"self":[{"href":"http:\/\/argentinamunicipal.com.ar\/argentina\/wp-json\/wp\/v2\/posts\/116247","targetHints":{"allow":["GET"]}}],"collection":[{"href":"http:\/\/argentinamunicipal.com.ar\/argentina\/wp-json\/wp\/v2\/posts"}],"about":[{"href":"http:\/\/argentinamunicipal.com.ar\/argentina\/wp-json\/wp\/v2\/types\/post"}],"author":[{"embeddable":true,"href":"http:\/\/argentinamunicipal.com.ar\/argentina\/wp-json\/wp\/v2\/users\/2"}],"replies":[{"embeddable":true,"href":"http:\/\/argentinamunicipal.com.ar\/argentina\/wp-json\/wp\/v2\/comments?post=116247"}],"version-history":[{"count":0,"href":"http:\/\/argentinamunicipal.com.ar\/argentina\/wp-json\/wp\/v2\/posts\/116247\/revisions"}],"wp:featuredmedia":[{"embeddable":true,"href":"http:\/\/argentinamunicipal.com.ar\/argentina\/wp-json\/wp\/v2\/media\/116248"}],"wp:attachment":[{"href":"http:\/\/argentinamunicipal.com.ar\/argentina\/wp-json\/wp\/v2\/media?parent=116247"}],"wp:term":[{"taxonomy":"category","embeddable":true,"href":"http:\/\/argentinamunicipal.com.ar\/argentina\/wp-json\/wp\/v2\/categories?post=116247"},{"taxonomy":"post_tag","embeddable":true,"href":"http:\/\/argentinamunicipal.com.ar\/argentina\/wp-json\/wp\/v2\/tags?post=116247"}],"curies":[{"name":"wp","href":"https:\/\/api.w.org\/{rel}","templated":true}]}}