{"id":116373,"date":"2021-07-12T05:00:31","date_gmt":"2021-07-12T08:00:31","guid":{"rendered":"http:\/\/argentinamunicipal.com.ar\/argentina\/?p=116373"},"modified":"2021-07-08T19:29:16","modified_gmt":"2021-07-08T22:29:16","slug":"la-municipalidad-de-ushuaia-comenzo-a-planificar-los-40-anos-de-la-gesta-de-malvinas","status":"publish","type":"post","link":"http:\/\/argentinamunicipal.com.ar\/argentina\/la-municipalidad-de-ushuaia-comenzo-a-planificar-los-40-anos-de-la-gesta-de-malvinas\/","title":{"rendered":"La Municipalidad de Ushuaia comenz\u00f3 a planificar los 40 a\u00f1os de la Gesta de Malvinas"},"content":{"rendered":"<p>Funcionarios de la ciudad y veteranos de guerra comenzaron a delinear las actividades conmemorativas de un nuevo aniversario del conflicto del Atl\u00e1ntico Sur. Se reunieron con concejales.<\/p>\n<p>Funcionarios municipales participaron junto al Centro de Excombatientes en una reuni\u00f3n en el Concejo Deliberante, donde presentaron las propuestas de una agenda de actividades en el marco de la conmemoraci\u00f3n del 40 aniversario de la Gesta de Malvinas que ser\u00e1 el pr\u00f3ximo a\u00f1o.<br \/>\nEl jefe de Gabinete, Mario Daniele, acompa\u00f1ado por el secretario de Articulaci\u00f3n Parlamentaria, Omar Becerra, la subsecretaria de Relaciones Internacionales, Asuntos Ant\u00e1rticos y Malvinas, Cecilia Fiocchi, y el coordinador de Asuntos Malvinas, Walter Batista, mantuvieron una reuni\u00f3n junto a la totalidad del cuerpo de concejales de la ciudad.<br \/>\nEn ese \u00e1mbito presentaron la propuesta de creaci\u00f3n de una Comisi\u00f3n de Conmemoraci\u00f3n en el marco de los 40 a\u00f1os de la Gesta de Malvinas, para lograr la planificaci\u00f3n y coordinaci\u00f3n en el marco de los eventos conmemorativos previstos.<br \/>\nEn representaci\u00f3n del Centro de Excombatientes de Malvinas en Ushuaia participaron su presidente, Conrado Zamora, junto a Daniel Arias y Dante Asili.<br \/>\nDaniele agradeci\u00f3 \u201ca todos los concejales de la ciudad por la predisposici\u00f3n de trabajar en conjunto en un tema tan relevante para todos los ushuaienses como es la Causa Malvinas. Debemos coordinar las actividades que queremos llevar adelante en pos de homenajear a los veteranos de guerra de Malvinas y a los ca\u00eddos en combate\u201d.<br \/>\nAdem\u00e1s, el jefe de Gabinete destac\u00f3 la importancia del trabajo en conjunto que el Municipio viene realizando junto al Centro de Excombatientes en distintas actividades a lo largo de a\u00f1o as\u00ed como en la elaboraci\u00f3n de estas propuestas, y enfatiz\u00f3 que \u201cser\u00eda un orgullo contar con la presencia del Presidente de la Naci\u00f3n para encabezar los actos centrales de Malvinas el a\u00f1o pr\u00f3ximo en Ushuaia, ya que nuestra ciudad es epicentro de la malvinizaci\u00f3n en todo el pa\u00eds\u201d.<br \/>\nPor su parte, Becerra expres\u00f3 que \u201cMalvinas es una causa de todo el pueblo argentino. Se trat\u00f3 de un hecho que marc\u00f3 la vida de una generaci\u00f3n entera de argentinos y argentinas y para lo cual es necesario planificar y coordinar las actividades para su conmemoraci\u00f3n en Ushuaia, capital de Malvinas y faro de soberan\u00eda austral\u201d.<br \/>\nLas propuestas planteadas al cuerpo de concejales consisten en aunar esfuerzos y canalizar las diversas iniciativas de los espacios pol\u00edticos representados en el Concejo Deliberante con el objetivo de lograr una pluralidad de visiones e iniciativas.<br \/>\nLa situaci\u00f3n sanitaria fruto de la pandemia de coronavirus imposibilit\u00f3 en 2020 y 2021 poder realizar las tradicionales actividades presenciales en torno a la vigilia del 2 de abril. Sin embargo, el Municipio realiz\u00f3 actividades virtuales para rememorar esta fecha.<br \/>\nFrente a la nueva posibilidad que se abre conforme avance la vacunaci\u00f3n de la poblaci\u00f3n y en base a los protocolos sanitarios vigentes, el Municipio ya est\u00e1 trabajando en planificar las actividades en el marco de los 40 a\u00f1os de la gesta de Malvinas que se cumplir\u00e1n en 2022 junto al Centro de Excombatientes de Malvinas en Ushuaia.<\/p>\n<h6>Fuente: El Diario del Fin del Mundo<\/h6>\n","protected":false},"excerpt":{"rendered":"<p>Funcionarios de la ciudad y veteranos de guerra comenzaron a delinear las actividades conmemorativas de un nuevo aniversario del conflicto del Atl\u00e1ntico Sur. Se reunieron con concejales.<\/p>\n","protected":false},"author":2,"featured_media":116374,"comment_status":"closed","ping_status":"closed","sticky":false,"template":"","format":"standard","meta":{"footnotes":""},"categories":[2],"tags":[34],"class_list":["post-116373","post","type-post","status-publish","format-standard","has-post-thumbnail","hentry","category-informe-municipal","tag-tierra-del-fuego"],"_links":{"self":[{"href":"http:\/\/argentinamunicipal.com.ar\/argentina\/wp-json\/wp\/v2\/posts\/116373","targetHints":{"allow":["GET"]}}],"collection":[{"href":"http:\/\/argentinamunicipal.com.ar\/argentina\/wp-json\/wp\/v2\/posts"}],"about":[{"href":"http:\/\/argentinamunicipal.com.ar\/argentina\/wp-json\/wp\/v2\/types\/post"}],"author":[{"embeddable":true,"href":"http:\/\/argentinamunicipal.com.ar\/argentina\/wp-json\/wp\/v2\/users\/2"}],"replies":[{"embeddable":true,"href":"http:\/\/argentinamunicipal.com.ar\/argentina\/wp-json\/wp\/v2\/comments?post=116373"}],"version-history":[{"count":0,"href":"http:\/\/argentinamunicipal.com.ar\/argentina\/wp-json\/wp\/v2\/posts\/116373\/revisions"}],"wp:featuredmedia":[{"embeddable":true,"href":"http:\/\/argentinamunicipal.com.ar\/argentina\/wp-json\/wp\/v2\/media\/116374"}],"wp:attachment":[{"href":"http:\/\/argentinamunicipal.com.ar\/argentina\/wp-json\/wp\/v2\/media?parent=116373"}],"wp:term":[{"taxonomy":"category","embeddable":true,"href":"http:\/\/argentinamunicipal.com.ar\/argentina\/wp-json\/wp\/v2\/categories?post=116373"},{"taxonomy":"post_tag","embeddable":true,"href":"http:\/\/argentinamunicipal.com.ar\/argentina\/wp-json\/wp\/v2\/tags?post=116373"}],"curies":[{"name":"wp","href":"https:\/\/api.w.org\/{rel}","templated":true}]}}