{"id":1164,"date":"2014-02-15T18:04:52","date_gmt":"2014-02-15T21:04:52","guid":{"rendered":"http:\/\/argentinamunicipal.com.ar\/argentina\/?p=1164"},"modified":"2014-02-15T18:04:52","modified_gmt":"2014-02-15T21:04:52","slug":"corrientes-confirmaron-la-paritaria-municipal-para-el-jueves-20-de-febrero","status":"publish","type":"post","link":"http:\/\/argentinamunicipal.com.ar\/argentina\/corrientes-confirmaron-la-paritaria-municipal-para-el-jueves-20-de-febrero\/","title":{"rendered":"Corrientes: Confirmaron la paritaria municipal para el jueves 20 de febrero"},"content":{"rendered":"<p><a href=\"http:\/\/argentinamunicipal.com.ar\/argentina\/wp-content\/uploads\/2014\/02\/ElLitoral_186815_700x419.jpg\"><img loading=\"lazy\" decoding=\"async\" class=\"aligncenter size-full wp-image-1165\" alt=\"ElLitoral_186815_700x419\" src=\"http:\/\/argentinamunicipal.com.ar\/argentina\/wp-content\/uploads\/2014\/02\/ElLitoral_186815_700x419.jpg\" width=\"700\" height=\"468\" srcset=\"http:\/\/argentinamunicipal.com.ar\/argentina\/wp-content\/uploads\/2014\/02\/ElLitoral_186815_700x419.jpg 700w, http:\/\/argentinamunicipal.com.ar\/argentina\/wp-content\/uploads\/2014\/02\/ElLitoral_186815_700x419-300x200.jpg 300w\" sizes=\"auto, (max-width: 700px) 100vw, 700px\" \/><\/a><\/p>\n<p>El primer encuentro de negociaciones colectivas entre la Municipalidad y sus trabajadores, se realizar\u00e1 el pr\u00f3ximo jueves 20. Ser\u00e1 la primera vez que en la provincia de Corrientes agentes estatales ejerzan este derecho. \u201cSer\u00e1 una mesa donde los trabajadores se sentar\u00e1n a negociar de igual a igual con los empleadores\u201d, dijo el intendente capitalino Fabi\u00e1n R\u00edos.<\/p>\n<p>De acuerdo a lo dispuesto en la Ordenanza N\u00b0 6.022, sancionada por el Concejo Deliberante, la representaci\u00f3n del Departamento Ejecutivo en la negociaci\u00f3n colectiva estar\u00e1 compuesta por tres funcionarios, de los cuales al menos uno deber\u00e1 tener jerarqu\u00eda de Secretario de Area.<\/p>\n<p>En tanto que la representaci\u00f3n del Concejo Deliberante ser\u00e1 tambi\u00e9n de tres representantes, debiendo ser uno de ellos por lo menos secretario o prosecretario del HCD designado por el cuerpo.<\/p>\n<p>La representaci\u00f3n gremial ser\u00e1 ejercida por las entidades sindicales reconocidas en el art\u00edculo 83 de la Ordenanza N\u00b0 3.641, y estar\u00e1 compuesta por tres representantes titulares y otros tantos suplentes, todos ellos afiliados a dichas entidades.<\/p>\n<p>Estos representantes ser\u00e1n designados por la Asociaci\u00f3n de Obreros y Empleados Municipales (Aoem), o quien en el futuro represente a los trabajadores municipales, o por la Federaci\u00f3n de Sindicatos de Trabajadores Municipales (Festramco), en caso de que la primera delegue en esta \u00faltima dicha representaci\u00f3n.<\/p>\n<p>La autoridad de aplicaci\u00f3n de la Ordenanza N\u00b0 6.022\/2013 ser\u00e1 la Secretar\u00eda de Recursos Humanos y Relaciones Laborales de la Municipalidad de Corrientes, cuyo representante participar\u00e1 con voz, pero no con voto, de la negociaci\u00f3n colectiva.<\/p>\n<h6>Fuente: El Litoral de Corrientes<\/h6>\n","protected":false},"excerpt":{"rendered":"<p>El primer encuentro de negociaciones colectivas entre la Municipalidad y sus trabajadores, se realizar\u00e1 el pr\u00f3ximo jueves 20. Ser\u00e1 la primera vez que en la provincia de Corrientes agentes estatales ejerzan este derecho. \u201cSer\u00e1 una mesa donde los trabajadores se sentar\u00e1n a negociar de igual a igual con los empleadores\u201d, dijo el intendente capitalino Fabi\u00e1n<\/p>\n","protected":false},"author":1,"featured_media":1165,"comment_status":"closed","ping_status":"closed","sticky":false,"template":"","format":"standard","meta":{"footnotes":""},"categories":[7],"tags":[13],"class_list":["post-1164","post","type-post","status-publish","format-standard","has-post-thumbnail","hentry","category-informe-sindical","tag-corrientes"],"_links":{"self":[{"href":"http:\/\/argentinamunicipal.com.ar\/argentina\/wp-json\/wp\/v2\/posts\/1164","targetHints":{"allow":["GET"]}}],"collection":[{"href":"http:\/\/argentinamunicipal.com.ar\/argentina\/wp-json\/wp\/v2\/posts"}],"about":[{"href":"http:\/\/argentinamunicipal.com.ar\/argentina\/wp-json\/wp\/v2\/types\/post"}],"author":[{"embeddable":true,"href":"http:\/\/argentinamunicipal.com.ar\/argentina\/wp-json\/wp\/v2\/users\/1"}],"replies":[{"embeddable":true,"href":"http:\/\/argentinamunicipal.com.ar\/argentina\/wp-json\/wp\/v2\/comments?post=1164"}],"version-history":[{"count":0,"href":"http:\/\/argentinamunicipal.com.ar\/argentina\/wp-json\/wp\/v2\/posts\/1164\/revisions"}],"wp:featuredmedia":[{"embeddable":true,"href":"http:\/\/argentinamunicipal.com.ar\/argentina\/wp-json\/wp\/v2\/media\/1165"}],"wp:attachment":[{"href":"http:\/\/argentinamunicipal.com.ar\/argentina\/wp-json\/wp\/v2\/media?parent=1164"}],"wp:term":[{"taxonomy":"category","embeddable":true,"href":"http:\/\/argentinamunicipal.com.ar\/argentina\/wp-json\/wp\/v2\/categories?post=1164"},{"taxonomy":"post_tag","embeddable":true,"href":"http:\/\/argentinamunicipal.com.ar\/argentina\/wp-json\/wp\/v2\/tags?post=1164"}],"curies":[{"name":"wp","href":"https:\/\/api.w.org\/{rel}","templated":true}]}}