{"id":1167,"date":"2014-02-15T18:00:50","date_gmt":"2014-02-15T21:00:50","guid":{"rendered":"http:\/\/argentinamunicipal.com.ar\/argentina\/?p=1167"},"modified":"2014-02-15T18:09:41","modified_gmt":"2014-02-15T21:09:41","slug":"solo-aoem-podra-asistir-a-las-paritarias-comunales","status":"publish","type":"post","link":"http:\/\/argentinamunicipal.com.ar\/argentina\/solo-aoem-podra-asistir-a-las-paritarias-comunales\/","title":{"rendered":"S\u00f3lo AOEM podr\u00e1 asistir a las paritarias comunales"},"content":{"rendered":"<p style=\"text-align: left\">El anuncio de convocatoria a paritarias para el pr\u00f3ximo jueves 20 del corriente formulado por el intendente capitalino Fabi\u00e1n R\u00edos, fue considerado un \u201cavance hist\u00f3rico\u201d por la Asociaci\u00f3n de Obreros y Empleados Municipales (AOEM).<\/p>\n<p style=\"text-align: left\">En tal sentido, Nancy Balbuena, secretaria de Cultura y representante sindical en la ex Mesa de Relaciones Laborales, se\u00f1al\u00f3 a \u00e9poca que \u201cest\u00e1bamos esperando el anuncio para abordar los temas que redundar\u00e1n en mejoras para todos los municipales\u201d.<\/p>\n<p style=\"text-align: left\">\u201cEstamos muy contentos por ser el \u00fanico Municipio que tendr\u00e1 paritarias en la provincia de Corrientes\u201d dijo, \u201clo m\u00e1s importante a tratar en la mesa de negociaciones, es el incremento para todos los compa\u00f1eros y el blanqueo de los Neike Chamigo\u201d, agreg\u00f3.<\/p>\n<p style=\"text-align: left\">Seg\u00fan el titular de Recursos Humanos y Relaciones Laborales del Municipio, Pedro Lugo, la AOEM es \u201cpor ordenanza\u201d la \u00fanica organizaci\u00f3n habilitada para conformar la mesa de discusi\u00f3n.<\/p>\n<p style=\"text-align: left\">\u201cEl estatuto del personal municipal establece que la representaci\u00f3n la tiene la AOEM, y la FESTRAMCO (Federaci\u00f3n de Sindicatos de Trabajadores Municipales de Corrientes)\u201d explic\u00f3 Lugo, \u201csi alguien est\u00e1 en desacuerdo que vaya a la Justicia\u201d finaliz\u00f3 el funcionario capitalino.<\/p>\n<h6 style=\"text-align: left\">Fuente: \u00c9poca<\/h6>\n","protected":false},"excerpt":{"rendered":"<p>El anuncio de convocatoria a paritarias para el pr\u00f3ximo jueves 20 del corriente formulado por el intendente capitalino Fabi\u00e1n R\u00edos, fue considerado un \u201cavance hist\u00f3rico\u201d por la Asociaci\u00f3n de Obreros y Empleados Municipales (AOEM). En tal sentido, Nancy Balbuena, secretaria de Cultura y representante sindical en la ex Mesa de Relaciones Laborales, se\u00f1al\u00f3 a \u00e9poca<\/p>\n","protected":false},"author":1,"featured_media":1168,"comment_status":"closed","ping_status":"closed","sticky":false,"template":"","format":"standard","meta":{"footnotes":""},"categories":[7],"tags":[13],"class_list":["post-1167","post","type-post","status-publish","format-standard","has-post-thumbnail","hentry","category-informe-sindical","tag-corrientes"],"_links":{"self":[{"href":"http:\/\/argentinamunicipal.com.ar\/argentina\/wp-json\/wp\/v2\/posts\/1167","targetHints":{"allow":["GET"]}}],"collection":[{"href":"http:\/\/argentinamunicipal.com.ar\/argentina\/wp-json\/wp\/v2\/posts"}],"about":[{"href":"http:\/\/argentinamunicipal.com.ar\/argentina\/wp-json\/wp\/v2\/types\/post"}],"author":[{"embeddable":true,"href":"http:\/\/argentinamunicipal.com.ar\/argentina\/wp-json\/wp\/v2\/users\/1"}],"replies":[{"embeddable":true,"href":"http:\/\/argentinamunicipal.com.ar\/argentina\/wp-json\/wp\/v2\/comments?post=1167"}],"version-history":[{"count":0,"href":"http:\/\/argentinamunicipal.com.ar\/argentina\/wp-json\/wp\/v2\/posts\/1167\/revisions"}],"wp:featuredmedia":[{"embeddable":true,"href":"http:\/\/argentinamunicipal.com.ar\/argentina\/wp-json\/wp\/v2\/media\/1168"}],"wp:attachment":[{"href":"http:\/\/argentinamunicipal.com.ar\/argentina\/wp-json\/wp\/v2\/media?parent=1167"}],"wp:term":[{"taxonomy":"category","embeddable":true,"href":"http:\/\/argentinamunicipal.com.ar\/argentina\/wp-json\/wp\/v2\/categories?post=1167"},{"taxonomy":"post_tag","embeddable":true,"href":"http:\/\/argentinamunicipal.com.ar\/argentina\/wp-json\/wp\/v2\/tags?post=1167"}],"curies":[{"name":"wp","href":"https:\/\/api.w.org\/{rel}","templated":true}]}}