{"id":116720,"date":"2021-07-20T06:39:21","date_gmt":"2021-07-20T09:39:21","guid":{"rendered":"http:\/\/argentinamunicipal.com.ar\/argentina\/?p=116720"},"modified":"2021-07-20T06:39:21","modified_gmt":"2021-07-20T09:39:21","slug":"gestion-de-residuos-se-acepto-una-propuesta-de-santa-fe","status":"publish","type":"post","link":"http:\/\/argentinamunicipal.com.ar\/argentina\/gestion-de-residuos-se-acepto-una-propuesta-de-santa-fe\/","title":{"rendered":"Gesti\u00f3n de residuos: se acept\u00f3 una propuesta de Santa Fe"},"content":{"rendered":"<p>La iniciativa de la provincia hace recomendaciones a municipios y comunas para usar diferentes colores en las bolsas para mejorar la gesti\u00f3n de residuos<\/p>\n<p>La provincia de Santa Fe, a trav\u00e9s del Ministerio de Ambiente y Cambio Clim\u00e1tico, realiz\u00f3 una propuesta al Consejo Federal de Medio Ambiente (Cofema) para la creaci\u00f3n de un c\u00f3digo unificado de colores y terminolog\u00eda para los residuos. La iniciativa fue votada por unanimidad por las provincias, y el nuevo c\u00f3digo de clasificaci\u00f3n facilitar\u00e1 a los ciudadanos la tarea, fortaleciendo la cultura general en lo relacionado a la gesti\u00f3n de residuos y fomentando la econom\u00eda circular<\/p>\n<p>Antes de la propuesta realizada, ni la Argentina ni la provincia de Santa Fe contaban con un c\u00f3digo unificado para la identificaci\u00f3n de los distintos tipos de residuos s\u00f3lidos urbanos, por lo que la separaci\u00f3n de estos desechos no se realizaba de manera homog\u00e9nea en las distintas jurisdicciones. Adem\u00e1s, el sistema no unificado creaba confusi\u00f3n en los usuarios de los sistemas de separaci\u00f3n en origen de distintas localidades, con el consiguiente riesgo de p\u00e9rdida de eficiencia en las soluciones de valorizaci\u00f3n posterior.<br \/>\nSanta Fe fue la primera provincia del pa\u00eds en adherir a\u00a0la Resoluci\u00f3n Nacional a trav\u00e9s de la Resoluci\u00f3n Provincial N\u00ba 040\/21.\u00a0La iniciativa recomienda a todos los municipios y comunas la adopci\u00f3n de un sistema de gesti\u00f3n de residuos que asegure, como m\u00ednimo, una separaci\u00f3n binaria de los residuos s\u00f3lidos urbanos generados en sus territorios, promoviendo una disposici\u00f3n inicial selectiva y posterior recolecci\u00f3n diferenciada que contemple, por un lado, los residuos reciclables secos, y por otro, los residuos considerados basura. Los colores utilizados, en Santa Fe y a nivel nacional, ser\u00e1n el verde para residuos reciclables secos, y el negro para la basura.<\/p>\n<p>Una vez lograda la disposici\u00f3n inicial selectiva, la Resoluci\u00f3n tambi\u00e9n recomienda a las autoridades competentes que, paulatinamente y de acuerdo con sus posibilidades, puedan adoptar un Plan de Transici\u00f3n Progresiva y optimizar sus sistemas de gesti\u00f3n a trav\u00e9s de la identificaci\u00f3n y separaci\u00f3n de los residuos s\u00f3lidos urbanos generados en sus territorios de forma m\u00e1s detallada. Para eso, se utilizar\u00e1 el color marr\u00f3n para los residuos org\u00e1nicos compostables, el color amarillo para los pl\u00e1sticos, el color azul para papel y cart\u00f3n, el blanco para los vidrios, y el gris para los metales.<\/p>\n<p>Desde la cartera ambiental se encuentran brindando un acompa\u00f1amiento para aquellos municipios y comunas de la provincia que ya vienen trabajando en la gesti\u00f3n integral de residuos, como as\u00ed tambi\u00e9n para quienes se han incorporado recientemente. En ese sentido, se buscar\u00e1 adaptar la nueva resoluci\u00f3n de colores y terminolog\u00eda de forma estrat\u00e9gica y en el marco de una transici\u00f3n, teniendo en cuenta la situaci\u00f3n de cada localidad respecto de esta tem\u00e1tica.<\/p>\n<h6>FUente: Uno<\/h6>\n","protected":false},"excerpt":{"rendered":"<p>La iniciativa de la provincia hace recomendaciones a municipios y comunas para usar diferentes colores en las bolsas para mejorar la gesti\u00f3n de residuos<\/p>\n","protected":false},"author":2,"featured_media":116721,"comment_status":"closed","ping_status":"closed","sticky":false,"template":"","format":"standard","meta":{"footnotes":""},"categories":[2],"tags":[10],"class_list":["post-116720","post","type-post","status-publish","format-standard","has-post-thumbnail","hentry","category-informe-municipal","tag-santa-fe"],"_links":{"self":[{"href":"http:\/\/argentinamunicipal.com.ar\/argentina\/wp-json\/wp\/v2\/posts\/116720","targetHints":{"allow":["GET"]}}],"collection":[{"href":"http:\/\/argentinamunicipal.com.ar\/argentina\/wp-json\/wp\/v2\/posts"}],"about":[{"href":"http:\/\/argentinamunicipal.com.ar\/argentina\/wp-json\/wp\/v2\/types\/post"}],"author":[{"embeddable":true,"href":"http:\/\/argentinamunicipal.com.ar\/argentina\/wp-json\/wp\/v2\/users\/2"}],"replies":[{"embeddable":true,"href":"http:\/\/argentinamunicipal.com.ar\/argentina\/wp-json\/wp\/v2\/comments?post=116720"}],"version-history":[{"count":0,"href":"http:\/\/argentinamunicipal.com.ar\/argentina\/wp-json\/wp\/v2\/posts\/116720\/revisions"}],"wp:featuredmedia":[{"embeddable":true,"href":"http:\/\/argentinamunicipal.com.ar\/argentina\/wp-json\/wp\/v2\/media\/116721"}],"wp:attachment":[{"href":"http:\/\/argentinamunicipal.com.ar\/argentina\/wp-json\/wp\/v2\/media?parent=116720"}],"wp:term":[{"taxonomy":"category","embeddable":true,"href":"http:\/\/argentinamunicipal.com.ar\/argentina\/wp-json\/wp\/v2\/categories?post=116720"},{"taxonomy":"post_tag","embeddable":true,"href":"http:\/\/argentinamunicipal.com.ar\/argentina\/wp-json\/wp\/v2\/tags?post=116720"}],"curies":[{"name":"wp","href":"https:\/\/api.w.org\/{rel}","templated":true}]}}