{"id":116819,"date":"2021-07-22T06:32:14","date_gmt":"2021-07-22T09:32:14","guid":{"rendered":"http:\/\/argentinamunicipal.com.ar\/argentina\/?p=116819"},"modified":"2021-07-22T06:32:14","modified_gmt":"2021-07-22T09:32:14","slug":"el-impuesto-global-inquieta-a-ceos-argentinos","status":"publish","type":"post","link":"http:\/\/argentinamunicipal.com.ar\/argentina\/el-impuesto-global-inquieta-a-ceos-argentinos\/","title":{"rendered":"El impuesto global inquieta a ceos argentinos"},"content":{"rendered":"<p>En los chats de due\u00f1os se discute c\u00f3mo correr de la agenda la idea de EE.UU. y el FMI de un aporte constante. Algunos sugieren no financiar candidatos que hablen del tema.<\/p>\n<p>Hay en la agenda empresaria un asunto que, curiosamente, es eje de las charlas e inquieta m\u00e1s que la propia crisis pand\u00e9mica y los problemas econ\u00f3micos que atraviesa Argentina. En el ranking de temores surgi\u00f3 hace unos meses la obsesi\u00f3n de trabajar para borrar de la agenda de debate pol\u00edtico la idea de varias potencias mundiales y organismos multilaterales, como Estados Unidos, Alemania y el Fondo Monetario (FMI), de aprobar un tributo global permanente a las empresas. Y evitar que eso cale hondo en Argentina, justo en plena campa\u00f1a pol\u00edtica. Ese impuesto se discuti\u00f3 en foros internacionales como una especie de mecanismo de redistribuci\u00f3n econ\u00f3mica, que se aceler\u00f3 por la situaci\u00f3n mundial que gener\u00f3 la pandemia de la COVID 19.<\/p>\n<p>En los \u00faltimos d\u00edas, el asunto fue el corrillo de los chats empresarios de due\u00f1os. Seg\u00fan supo\u00a0P\u00e1gina I12, en tres grupos de Whatsapp se discuti\u00f3 sobre la inconveniencia de que el punto se cuele en los debates y campa\u00f1as de oficialistas y opositores. \u201cEsto ya no es el Impuesto del Gobierno\u201d, escribi\u00f3 un hist\u00f3rico constructor que tiene un grupo con no m\u00e1s de 10 due\u00f1os de compa\u00f1\u00edas. Se refer\u00eda a que el pedido global de que las multinacionales y grandes empresas paguen impuestos fijos m\u00e1s altos excede al tributo por \u00fanica a la vez a las Grandes Fortunas, una ley que vot\u00f3 el Congreso por iniciativa oficial con el objetivo de financiar gastos de pandemia. \u201cYa judicializaron los que quisieron, pagaron los que quisieron, no hay mucha vuelta, pero si empieza a volverse algo constante es un problema\u201d, se quej\u00f3 un l\u00edder alimenticio en el mismo grupo.<\/p>\n<p>Como casi todos los temas delicados y estrat\u00e9gicos para el poder econ\u00f3mico, esas conversaciones salieron de los chats m\u00e1s medi\u00e1ticos que hoy re\u00fanen a m\u00e1s gerentes y jefes de comunicaci\u00f3n que empresarios que paguen salarios; para situarse en grupos chicos. Bastante lejos del popular Nuestra Voz o de otros que han armado las llamadas empresas unicornios.<\/p>\n<p>A mediados de Julio, el\u00a0FMI\u00a0les pidi\u00f3 a los 132 pa\u00edses miembros firmar un acuerdo fiscal global para que los pa\u00edses con normas menos sofisticadas se beneficien de un impuesto global del 15 por ciento a las multinacionales. Esa postura se inici\u00f3 con el aval pol\u00edtico de Estados Unidos, en los hechos el due\u00f1o del FMI, quien le dio la potestad a la OCDE para avanzar en esa l\u00ednea.<\/p>\n<p>Naturalmente, el alineamiento cont\u00f3 con los pa\u00edses del Grupo de los 20 y expresiones directas de funcionarios de peso de las naciones l\u00edderes en Europa. El ministro de Finanzas alem\u00e1n, Olaf Scholz, lo calific\u00f3 de \u00abpaso colosal hacia una mayor justicia fiscal\u00bb; su hom\u00f3logo franc\u00e9s, Bruno Le Maire, habl\u00f3 del \u00abacuerdo fiscal internacional m\u00e1s importante alcanzado en un siglo\u00bb; y su par brit\u00e1nico, Rishi Sunak, consider\u00f3 que \u00abel hecho de que 130 pa\u00edses en todo el mundo, incluidos todos los del G20, se hayan adherido, representa un paso adelante en nuestra misi\u00f3n de reformar la fiscalidad mundial\u00bb. Lo mismo hizo la titular del FMI, Kristalina Geogieva, y el ministro de Econom\u00eda argentino,\u00a0Mart\u00edn Guzm\u00e1n, quien fue un paso m\u00e1s all\u00e1: aval\u00f3 el tributo del 15 por ciento, pero aclar\u00f3 que, a su juicio, deber\u00eda haber sido de entre 21 y 25 por ciento.<\/p>\n<p>En este\u00a0escenario de replanteamiento global\u00a0-a tiempo o a destiempo y con menor o mayor intensidad- sobre el rol de las finanzas internacionales, el endeudamiento de los pa\u00edses y los niveles de tributaci\u00f3n de las grandes fortunas, los ceos argentinos decidieron resistir con la construcci\u00f3n de un discurso contrario. Incluso siendo el Papa Francisco uno de los impulsores de estas nuevas condiciones, los ceos ultra cat\u00f3licos niegan la conveniencia y se incomodan ante cada pedido papal de ese estilo. Como en la reciente aparici\u00f3n del Sumo Pont\u00edfice en el Congreso Anual de la Asociaci\u00f3n Cristiana de Dirigentes de Empresas (ACDE), donde fue cr\u00edtico con el rol empresarial en la pandemia.<\/p>\n<p>Este diario charl\u00f3 con uno de los empresarios que est\u00e1 en contra del tributo, quien pidi\u00f3 reserva de identidad, pero plante\u00f3 como argumento que\u00a0\u201cuna cosa es discutirlo en pa\u00edses que tienen un 30 por ciento de carga tributaria y otra en Argentina, donde es superior al 50 por ciento\u201d. La muletilla de la carga impositiva alta es una constante en las justificaciones.<\/p>\n<p>El otro factor que se puso de manifiesto es m\u00e1s particular y tiene que ver con el contexto de la previa a la campa\u00f1a pol\u00edtica de cara a las elecciones legislativas de noviembre. Varios deslizaron la voluntad de\u00a0no financiar campa\u00f1as\u00a0de candidatos que, ante la consulta por estos temas, tengan una posici\u00f3n favorable o, simplemente, argumenten que estos debates son atendibles en contextos de crisis global y pandemia.<\/p>\n<h6>Fuente: P\u00e1gina 12<\/h6>\n","protected":false},"excerpt":{"rendered":"<p>En los chats de due\u00f1os se discute c\u00f3mo correr de la agenda la idea de EE.UU. y el FMI de un aporte constante. Algunos sugieren no financiar candidatos que hablen del tema.\u00a0<\/p>\n","protected":false},"author":2,"featured_media":116820,"comment_status":"closed","ping_status":"closed","sticky":false,"template":"","format":"standard","meta":{"footnotes":""},"categories":[8],"tags":[21],"class_list":["post-116819","post","type-post","status-publish","format-standard","has-post-thumbnail","hentry","category-informe-nacional","tag-argentina"],"_links":{"self":[{"href":"http:\/\/argentinamunicipal.com.ar\/argentina\/wp-json\/wp\/v2\/posts\/116819","targetHints":{"allow":["GET"]}}],"collection":[{"href":"http:\/\/argentinamunicipal.com.ar\/argentina\/wp-json\/wp\/v2\/posts"}],"about":[{"href":"http:\/\/argentinamunicipal.com.ar\/argentina\/wp-json\/wp\/v2\/types\/post"}],"author":[{"embeddable":true,"href":"http:\/\/argentinamunicipal.com.ar\/argentina\/wp-json\/wp\/v2\/users\/2"}],"replies":[{"embeddable":true,"href":"http:\/\/argentinamunicipal.com.ar\/argentina\/wp-json\/wp\/v2\/comments?post=116819"}],"version-history":[{"count":0,"href":"http:\/\/argentinamunicipal.com.ar\/argentina\/wp-json\/wp\/v2\/posts\/116819\/revisions"}],"wp:featuredmedia":[{"embeddable":true,"href":"http:\/\/argentinamunicipal.com.ar\/argentina\/wp-json\/wp\/v2\/media\/116820"}],"wp:attachment":[{"href":"http:\/\/argentinamunicipal.com.ar\/argentina\/wp-json\/wp\/v2\/media?parent=116819"}],"wp:term":[{"taxonomy":"category","embeddable":true,"href":"http:\/\/argentinamunicipal.com.ar\/argentina\/wp-json\/wp\/v2\/categories?post=116819"},{"taxonomy":"post_tag","embeddable":true,"href":"http:\/\/argentinamunicipal.com.ar\/argentina\/wp-json\/wp\/v2\/tags?post=116819"}],"curies":[{"name":"wp","href":"https:\/\/api.w.org\/{rel}","templated":true}]}}