{"id":116850,"date":"2021-07-23T05:03:01","date_gmt":"2021-07-23T08:03:01","guid":{"rendered":"http:\/\/argentinamunicipal.com.ar\/argentina\/?p=116850"},"modified":"2021-07-22T19:05:46","modified_gmt":"2021-07-22T22:05:46","slug":"incrementan-un-50-los-incentivos-a-la-generacion-distribuida-mediante-energias-renovables","status":"publish","type":"post","link":"http:\/\/argentinamunicipal.com.ar\/argentina\/incrementan-un-50-los-incentivos-a-la-generacion-distribuida-mediante-energias-renovables\/","title":{"rendered":"Incrementan un 50% los incentivos a la generaci\u00f3n distribuida mediante energ\u00edas renovables"},"content":{"rendered":"<p>La adecuaci\u00f3n de este beneficio, que en la pr\u00e1ctica se orienta principalmente a peque\u00f1as y medianas empresas y a comercios, se da en el marco de un creciente inter\u00e9s por el sector de la generaci\u00f3n distribuida renovable a lo largo y a lo ancho del pa\u00eds.<\/p>\n<p>La Secretar\u00eda de Energ\u00eda dispuso este jueves un aumento del 50% en los montos del beneficio promocional y mejor\u00f3 condiciones de acceso para incentivar la instalaci\u00f3n de equipos de generaci\u00f3n distribuida a partir de energ\u00edas renovables.<\/p>\n<p>As\u00ed se concret\u00f3 mediante la Disposici\u00f3n 40, por la cual la Subsecretar\u00eda de Energ\u00eda El\u00e9ctrica actualiz\u00f3 el monto otorgado por los Certificados de Cr\u00e9dito Fiscal (CCF) para los Usuarios-Generadores (UG) que instalen nuevos equipos.<\/p>\n<p>Este incentivo se enmarca dentro del R\u00e9gimen de Generaci\u00f3n Distribuida de Energ\u00edas Renovables, establecido por la Ley N\u00b027.424, y su normativa complementaria.<\/p>\n<p>La disposici\u00f3n elev\u00f3 el monto por unidad de potencia instalada desde 30 a 45 pesos por cada Watt, y el tope del monto m\u00e1ximo total a otorgar ascendi\u00f3 de $2 a $3 millones, un aumento del 50% respecto a los valores fijados en 2019.<\/p>\n<p>Adicionalmente, se modificaron las condiciones y requisitos de acceso al beneficio, ampliando su alcance por la inclusi\u00f3n de un per\u00edodo de gracia para la presentaci\u00f3n de las solicitudes, tanto para los usuarios y las usuarias de aquellas provincias que ya se encuentran adheridas al R\u00e9gimen, como tambi\u00e9n para los de aquellas provincias que adhieran en el futuro.<\/p>\n<p>La adecuaci\u00f3n de este beneficio, que en la pr\u00e1ctica se orienta principalmente a peque\u00f1as y medianas empresas y a comercios, se da en el marco de un creciente inter\u00e9s por el sector de la generaci\u00f3n distribuida renovable a lo largo y a lo ancho del pa\u00eds.<\/p>\n<p>\u00abEl constante incremento de la potencia instalada es una clara demostraci\u00f3n de los beneficios que tiene el r\u00e9gimen en t\u00e9rminos de consumo consciente de la energ\u00eda\u201d, manifest\u00f3 el secretario de Energ\u00eda, Dar\u00edo Mart\u00ednez.<\/p>\n<p>Con el beneficio, se aporta \u00abotro incentivo a la adopci\u00f3n de este tipo de generaci\u00f3n por fuentes renovables cercana a los centros de consumo\u201d, destac\u00f3 a su vez el subsecretario de Energ\u00eda El\u00e9ctrica, Federico Basualdo.<\/p>\n<p>De acuerdo al \u00faltimo reporte mensual publicado, correspondiente a junio de 2021, desde el inicio del R\u00e9gimen Nacional de Generaci\u00f3n Distribuida se instal\u00f3 un total de 5,22 MW de potencia.<\/p>\n<p>El 69% de ella corresponde a usuarios de las categor\u00edas comercial e industrial, con un total de 3,58 MW, mientras que el 22,1% (1,15 MW) corresponde a la categor\u00eda residencial y el 9,32% a \u201cotros usuarios\u201d (0,49 MW).<\/p>\n<p>En junio se inscribieron 34 distribuidoras y cooperativas de distribuci\u00f3n el\u00e9ctrica\u00a0y la provincia de La Pampa sum\u00f3 su primer Usuario Generador. Actualmente, en todo el territorio nacional el R\u00e9gimen cuenta con 189 distribuidoras y cooperativas el\u00e9ctricas inscriptas.<\/p>\n<h6>Fuente: Telam<\/h6>\n","protected":false},"excerpt":{"rendered":"<p>La adecuaci\u00f3n de este beneficio, que en la pr\u00e1ctica se orienta principalmente a peque\u00f1as y medianas empresas y a comercios, se da en el marco de un creciente inter\u00e9s por el sector de la generaci\u00f3n distribuida renovable a lo largo y a lo ancho del pa\u00eds.<\/p>\n","protected":false},"author":2,"featured_media":116851,"comment_status":"closed","ping_status":"closed","sticky":false,"template":"","format":"standard","meta":{"footnotes":""},"categories":[8],"tags":[21],"class_list":["post-116850","post","type-post","status-publish","format-standard","has-post-thumbnail","hentry","category-informe-nacional","tag-argentina"],"_links":{"self":[{"href":"http:\/\/argentinamunicipal.com.ar\/argentina\/wp-json\/wp\/v2\/posts\/116850","targetHints":{"allow":["GET"]}}],"collection":[{"href":"http:\/\/argentinamunicipal.com.ar\/argentina\/wp-json\/wp\/v2\/posts"}],"about":[{"href":"http:\/\/argentinamunicipal.com.ar\/argentina\/wp-json\/wp\/v2\/types\/post"}],"author":[{"embeddable":true,"href":"http:\/\/argentinamunicipal.com.ar\/argentina\/wp-json\/wp\/v2\/users\/2"}],"replies":[{"embeddable":true,"href":"http:\/\/argentinamunicipal.com.ar\/argentina\/wp-json\/wp\/v2\/comments?post=116850"}],"version-history":[{"count":0,"href":"http:\/\/argentinamunicipal.com.ar\/argentina\/wp-json\/wp\/v2\/posts\/116850\/revisions"}],"wp:featuredmedia":[{"embeddable":true,"href":"http:\/\/argentinamunicipal.com.ar\/argentina\/wp-json\/wp\/v2\/media\/116851"}],"wp:attachment":[{"href":"http:\/\/argentinamunicipal.com.ar\/argentina\/wp-json\/wp\/v2\/media?parent=116850"}],"wp:term":[{"taxonomy":"category","embeddable":true,"href":"http:\/\/argentinamunicipal.com.ar\/argentina\/wp-json\/wp\/v2\/categories?post=116850"},{"taxonomy":"post_tag","embeddable":true,"href":"http:\/\/argentinamunicipal.com.ar\/argentina\/wp-json\/wp\/v2\/tags?post=116850"}],"curies":[{"name":"wp","href":"https:\/\/api.w.org\/{rel}","templated":true}]}}