{"id":116930,"date":"2021-07-26T06:43:28","date_gmt":"2021-07-26T09:43:28","guid":{"rendered":"http:\/\/argentinamunicipal.com.ar\/argentina\/?p=116930"},"modified":"2021-07-26T06:43:28","modified_gmt":"2021-07-26T09:43:28","slug":"el-municipio-de-rosario-registra-senales-de-reactivacion-en-la-demanda-laboral","status":"publish","type":"post","link":"http:\/\/argentinamunicipal.com.ar\/argentina\/el-municipio-de-rosario-registra-senales-de-reactivacion-en-la-demanda-laboral\/","title":{"rendered":"El municipio de Rosario registra se\u00f1ales de reactivaci\u00f3n en la demanda laboral"},"content":{"rendered":"<p>En tres meses, 120 personas consiguieron trabajo a trav\u00e9s de la intermediaci\u00f3n entre el Estado y las pymes. Metalmec\u00e1nica, agroindustria y el sector textil, los que m\u00e1s demandan<\/p>\n<p>En el marco de una muy incipiente reactivaci\u00f3n econ\u00f3mica, el municipio registra un repunte en la regi\u00f3n Rosario del empleo en los rubros metalmec\u00e1nica y agroindustria, que est\u00e1n demandando m\u00e1s trabajo y ya tienen problemas para cubrir algunos puestos especializados. Hay leves destellos tambi\u00e9n en la industria textil, y tecnolog\u00eda aparece como un exponente novedoso. A comercio y gastronom\u00eda, en cambio, le cuesta m\u00e1s por las restricciones; y hoteler\u00eda, eventos y espect\u00e1culos siguen en la lona.<br \/>\nEl despegue se comenz\u00f3 a notar en algunos sectores desde el primer trimestre del a\u00f1o. La \u00faltima medici\u00f3n del Indec registra\u00a0crecimiento\u00a0del trabajo en el departamento, donde el \u00edndice de desocupaci\u00f3n baj\u00f3 a 10,9 puntos, a la par que subi\u00f3 la tasa de empleo a 42 por ciento. Si bien para el trimestre que corre a\u00fan no hay n\u00fameros, desde el \u00e1rea de Desarrollo Econ\u00f3mico del municipio apuntan que creen que se va a sostener ese leve incremento.<\/p>\n<p>Por ejemplo, la direcci\u00f3n de Empleo municipal, que adem\u00e1s de capacitaciones hace b\u00fasquedas y selecci\u00f3n de personal, hizo 120 inserciones de personas en pymes entre marzo y julio, y hay 14 llamados para puestos activos. La b\u00fasqueda se reactiv\u00f3, luego de que el a\u00f1o pasado estuviera planchada por la pandemia y mostrara casi el mismo n\u00famero en todo el a\u00f1o. El sector metalmec\u00e1nico, con personal b\u00e1sico y alg\u00fan tipo de calificaci\u00f3n, como ingenieros y t\u00e9cnicos es el que m\u00e1s demanda, seguido por la agroindustria. Tambi\u00e9n ha habido de la industria textil y del calzado.<\/p>\n<p>La industria del fr\u00edo y todo el cluster metalmec\u00e1nico de Rosario est\u00e1 en t\u00e9rminos reales en niveles de actividad mejor que en el 2019, aunque todav\u00eda no recuper\u00f3 el de 2018, y tiene proyecciones de crecimiento. Hoy el problema m\u00e1s importante que refieren algunas pymes locales es\u00a0la falta de poder importar insumos necesarios para producir, que est\u00e1 regulado por la escasez de d\u00f3lares de la Argentina. Tambi\u00e9n manifiestan la falta de mano de obra para algunos puestos que necesitan mayor calificaci\u00f3n.<\/p>\n<p>De hecho,\u00a0ya se empiezan a ver dificultades para encontrar personal en algunos perfiles especializados como tornero. \u00abEs decir, tienen crisis de crecimiento, porque la demanda est\u00e1 y tambi\u00e9n poseen la capacidad ociosa para dar esa respuesta. Estamos haciendo las gestiones para empezar a destrabar esas importaciones que afectan los pr\u00f3ximos 6 meses, lo que retrasa la inversi\u00f3n, el crecimiento y la posibilidad de tomar trabajadores en el corto plazo\u00bb, revel\u00f3 Federico Bensi, director de Empleo del municipio.<\/p>\n<p>A su vez, mejoran los n\u00fameros de ocupaci\u00f3n. \u00abLa \u00faltima vez que crecimos dos a\u00f1os consecutivamente fue en 2010 y 2011. Despu\u00e9s tuvimos un promedio de 0,5 por ciento de crecimiento anual con a\u00f1os consecutivos de crecimiento y ca\u00edda. En la era Macri terminamos con n\u00fameros negativos\u00bb, detall\u00f3 Bensi. Y agreg\u00f3 que \u00abvenimos de 8 a\u00f1os de estancamiento, y en el primer trimestre antes de la pandemia en t\u00e9rminos reales en Rosario hubo una ca\u00edda de 6 puntos. Despu\u00e9s en la pandemia termin\u00f3 con una ca\u00edda de 10 puntos del producto. Eso obviamente impacta\u00bb.<\/p>\n<p>Sin embargo, de a poco en la regi\u00f3n se ve algo distinto: la incipiente reactivaci\u00f3n est\u00e1 repercutiendo en el empleo industrial, y eventualmente va a impactar en el consumo porque en general tiene mejores salarios, con mayor nivel de registraci\u00f3n, lo que mueve la econom\u00eda. La Encuesta Permanente de Hogares mide el cord\u00f3n, que son empresas de mucho capital y empleos bien remunerados, por lo que es dif\u00edcil ver su impacto en la econom\u00eda local, pero se estima que ser\u00e1 positiva.<\/p>\n<p><strong>Ropa y calzado<\/strong><br \/>\nEn tanto, todav\u00eda no se puede confirmar una tendencia, porque viene de n\u00fameros muy bajos y se necesitan m\u00e1s series estad\u00edsticas, pero\u00a0empez\u00f3 a repuntar el sector textil (crecimiento del 2,7 por ciento interanual en el bimestre enero-febrero, y 6,8 respecto del \u00faltimo bimestre de 2020) y a tomar trabajadores, luego de que en 2019 la actividad del rubro cayera casi un 60 por ciento. Esta rama, seg\u00fan el Centro de Informaci\u00f3n Econ\u00f3mica municipal,\u00a0ocupa alrededor de 1.500 trabajadores, un 7,1 por ciento de los empleados del sector industrial.<\/p>\n<p>\u00abLos niveles de actividad est\u00e1n muy por debajo del 2018, y\u00a0el rubro ven\u00eda con problemas durante los \u00faltimos cinco a\u00f1os, con ca\u00edda nominal en la era Macri, pero parece que toc\u00f3 su piso y comienza a rebotar. Los n\u00fameros de enero a marzo muestran que empez\u00f3 a demandar algunas inserciones laborales y empieza a verse una reversi\u00f3n de esa ca\u00edda\u00bb, apunt\u00f3 el funcionario.<\/p>\n<p>En este marco,\u00a0las empresas locales Sonder, Vandalia y Melocot\u00f3n empezaron a tomar personal y a\u00fan con las restricciones que existen, es un sector que se comienza a mover. \u00abEntre otras cosas por el cierre de hecho de las importaciones, entonces si bien el mercado local es m\u00e1s chico, crece su participaci\u00f3n en el mismo\u00bb, argument\u00f3 Bensi.\u00a0En el marco de una restricci\u00f3n de d\u00f3lares y un sector de esparcimiento que se va abriendo de la mano de la vacunaci\u00f3n, es de esperar una mayor expansi\u00f3n del mercado\u00a0laboral\u00a0textil y el del calzado. \u00abLa producci\u00f3n nacional le va a ganar a lo importado, si sigue cerrado\u00bb, pronostic\u00f3.<\/p>\n<p><strong>En baja<\/strong><br \/>\nEn cuanto a los rubros que muestran una cara m\u00e1s negativa, si bien hubo alguna recuperaci\u00f3n del comercio en el primer trimestre, las restricciones fueron afectando y es m\u00e1s dif\u00edcil la b\u00fasqueda laboral. \u00abEl sector hotelero tiene cierto movimiento, y la industria del espect\u00e1culo y los eventos est\u00e1n con un a\u00f1o y medio sin facturar. Lo que se hizo cuando se pudo abrir fue para mantener la actividad en funcionamiento, pero no generan las tasas de retorno para sostener el negocio\u00bb, indic\u00f3 el director de Empleo del municipio, Federico Bensi.<\/p>\n<p>El sector gastron\u00f3mico, por su parte, hab\u00eda empezado el a\u00f1o tomando gente, pero esos proyectos se cortaron cuando llegaron las restricciones. Hoy hay dos tipos de realidades seg\u00fan el comercio: \u00abUno es el restaurant, que tiene un p\u00fablico con ticket m\u00e1s grande, pero los que est\u00e1n m\u00e1s afectados claramente son los que tienen ticket baratos y necesitan mucha rotaci\u00f3n de personas en el comercio\u00bb, revel\u00f3. Es el caso de las cervecer\u00edas artesanales, que manejan un p\u00fablico m\u00e1s joven que gasta menos. \u00abEst\u00e1n muy afectados porque necesitan masividad y las restricciones horarias y aforo no se lo permiten\u00bb, explic\u00f3.<\/p>\n<p>Las perspectivas son buenas, pero seg\u00fan Bensi\u00a0ya se avizoran algunos problemas a mediano plazo para una econom\u00eda en etapa de reactivaci\u00f3n luego de tocar fondo. \u00abHoy se est\u00e1 moviendo el mercado laboral pero los sueldos son bajos, primero porque las empresas est\u00e1n con rentabilidad negativa o sobreviviendo, entonces no resisten paritarias. Y despu\u00e9s porque hay algunas que est\u00e1n sin trabajar\u00bb, sostuvo.<\/p>\n<p>Para Bensi, se trata de\u00a0un \u00abproceso l\u00f3gico en cualquier recuperaci\u00f3n que la persona prefiera trabajar ganando mal, antes que no tenerlo\u00bb. Pero lo cierto es que hay \u00abuna p\u00e9rdida de salario real que se sigue manifestando, si bien el empleo va mejorando la situaci\u00f3n del grupo familiar, pero con estos sueldos no vamos a resolver la pobreza\u00bb. Adem\u00e1s, remarc\u00f3 que del mercado laboral,\u00a0el 50 por ciento es informal, aut\u00f3nomo o en negro. \u00abLa tendencia en latinoam\u00e9rica es a que crezca el empleo informal, por lo que eventualmente vamos a tener un problema de ingreso, de cobertura social o de jubilaciones\u00bb, complet\u00f3.<\/p>\n<h6>Fuente: La Capital<\/h6>\n","protected":false},"excerpt":{"rendered":"<p>En tres meses, 120 personas consiguieron trabajo a trav\u00e9s de la intermediaci\u00f3n entre el Estado y las pymes. Metalmec\u00e1nica, agroindustria y el sector textil, los que m\u00e1s demandan<\/p>\n","protected":false},"author":2,"featured_media":116931,"comment_status":"closed","ping_status":"closed","sticky":false,"template":"","format":"standard","meta":{"footnotes":""},"categories":[2],"tags":[10],"class_list":["post-116930","post","type-post","status-publish","format-standard","has-post-thumbnail","hentry","category-informe-municipal","tag-santa-fe"],"_links":{"self":[{"href":"http:\/\/argentinamunicipal.com.ar\/argentina\/wp-json\/wp\/v2\/posts\/116930","targetHints":{"allow":["GET"]}}],"collection":[{"href":"http:\/\/argentinamunicipal.com.ar\/argentina\/wp-json\/wp\/v2\/posts"}],"about":[{"href":"http:\/\/argentinamunicipal.com.ar\/argentina\/wp-json\/wp\/v2\/types\/post"}],"author":[{"embeddable":true,"href":"http:\/\/argentinamunicipal.com.ar\/argentina\/wp-json\/wp\/v2\/users\/2"}],"replies":[{"embeddable":true,"href":"http:\/\/argentinamunicipal.com.ar\/argentina\/wp-json\/wp\/v2\/comments?post=116930"}],"version-history":[{"count":0,"href":"http:\/\/argentinamunicipal.com.ar\/argentina\/wp-json\/wp\/v2\/posts\/116930\/revisions"}],"wp:featuredmedia":[{"embeddable":true,"href":"http:\/\/argentinamunicipal.com.ar\/argentina\/wp-json\/wp\/v2\/media\/116931"}],"wp:attachment":[{"href":"http:\/\/argentinamunicipal.com.ar\/argentina\/wp-json\/wp\/v2\/media?parent=116930"}],"wp:term":[{"taxonomy":"category","embeddable":true,"href":"http:\/\/argentinamunicipal.com.ar\/argentina\/wp-json\/wp\/v2\/categories?post=116930"},{"taxonomy":"post_tag","embeddable":true,"href":"http:\/\/argentinamunicipal.com.ar\/argentina\/wp-json\/wp\/v2\/tags?post=116930"}],"curies":[{"name":"wp","href":"https:\/\/api.w.org\/{rel}","templated":true}]}}