{"id":116955,"date":"2021-07-27T05:15:22","date_gmt":"2021-07-27T08:15:22","guid":{"rendered":"http:\/\/argentinamunicipal.com.ar\/argentina\/?p=116955"},"modified":"2021-07-26T19:48:47","modified_gmt":"2021-07-26T22:48:47","slug":"los-ministros-intendentes-y-dirigentes-gremiales-conforman-las-listas-del-fdt-para-la-legislatura","status":"publish","type":"post","link":"http:\/\/argentinamunicipal.com.ar\/argentina\/los-ministros-intendentes-y-dirigentes-gremiales-conforman-las-listas-del-fdt-para-la-legislatura\/","title":{"rendered":"Los ministros, intendentes y dirigentes gremiales conforman las listas del FdT para la Legislatura"},"content":{"rendered":"<p>Con el objetivo de lograr la mayor\u00eda en las dos c\u00e1maras, el oficialismo que busca renovar 46 bancas de duputados y 23 de senadores, opt\u00f3 por incluir a referentes de peso y con amplio poder territorial en las listas seccionales.<\/p>\n<p>Ministros, intendentes, diputados, funcionarios municipales, concejales y dirigentes gremiales integran las listas del Frente de Todos para precandidatos a senadores y a diputados bonaerenses que competir\u00e1n en las elecciones primarias, abiertas y simult\u00e1neas (PASO) del pr\u00f3ximo 12 de septiembre.<\/p>\n<p>La Legislatura de la provincia de Buenos Aires\u00a0deber\u00e1 renovar\u00a0en los comicios del 14 de noviembre un total de\u00a046 bancas de diputados y 23 de senadores\u00a0y, para ello, el Frente de Todos defini\u00f3 el s\u00e1bado a la madrugada los nombres que compondr\u00e1n sus boletas en las ocho secciones en que se divide pol\u00edticamente el territorio.<\/p>\n<p>Con el objetivo de lograr la mayor\u00eda en las dos c\u00e1maras, el oficialismo opt\u00f3 por incluir a referentes de peso y con amplio poder territorial en las listas seccionales.<\/p>\n<p>Esa estrategia electoral responde a que el gobernador Axel\u00a0Kicillof necesita mejorar los n\u00fameros en la Legislatura para poder sancionar\u00a0las leyes que necesita.<\/p>\n<p>La apuesta m\u00e1s fuerte\u00a0del peronismo estar\u00e1\u00a0centrada en el Senado, donde actualmente encuentra el escenario m\u00e1s adverso en n\u00fameros: de los 46 legisladores que la componen, 26 pertenecen a Juntos por el Cambio (JxC) y los 20 restantes al oficialista FdT.<\/p>\n<p>Esa relaci\u00f3n de fuerzas implica que la oposici\u00f3n, no s\u00f3lo es mayor\u00eda, sino que adem\u00e1s cuenta con qu\u00f3rum propio, con lo que obliga al oficialismo a consensuar y negociar el tratamiento de cada proyecto que ingresa a la C\u00e1mara alta.<\/p>\n<p><strong>Los nombres, secci\u00f3n por secci\u00f3n<\/strong><\/p>\n<p>En Diputados, si bien el oficialismo no cuenta con qu\u00f3rum propio,\u00a0es la primera minor\u00eda\u00a0al tener 46, de las 92 bancas.<\/p>\n<p>Esto lo coloca a s\u00f3lo un voto de lograr mayor\u00eda y qu\u00f3rum, lo que consigue en la mayor\u00eda de las sesiones con bloques aliados ya que, a diferencia del Senado, en Diputados existen otras tres bancadas adem\u00e1s de la de JxC.<\/p>\n<p>El actual senador provincial\u00a0Luis Vivona, referenciado pol\u00edticamente con Leonardo Nardini, el jefe comunal de Malvinas Argentinas,\u00a0encabezar\u00e1 la lista oficialista por la Primera Secci\u00f3n Electoral, que renueva 8 senadores.<\/p>\n<p>El segundo lugar\u00a0de la n\u00f3mina lo ocupar\u00e1 la actual ministra de Gobierno de Axel Kicillof,\u00a0Mar\u00eda Teresa Garc\u00eda; seguida por actual senador Gustavo Soos, del espacio pol\u00edtico del intendente de Merlo, Gustavo Men\u00e9ndez.<\/p>\n<p>La lista contin\u00faa con la concejala de Vicente L\u00f3pez y Directora Nacional de Control de Puertos, Sof\u00eda Vannelli; y por el secretario de Gobierno de Escobar, Javier Rehl.<\/p>\n<p>Ana Luz Balor (concejal de Tres de Febrero), Diego Spina (exconcejal de Mor\u00f3n y actual secretario de Gobierno de ese municipio), y la actual diputada nacional Mar\u00eda Jimena Fern\u00e1ndez completan la lista.<\/p>\n<p>Para la Secci\u00f3n Segunda, que renueva 11 diputados, la lista oficialista estar\u00e1 encabezada por Naldo Brunelli, el secretario Administrativo de la UOM, de San Nicol\u00e1s; seguido por la actual diputada provincial de La C\u00e1mpora,\u00a0Fernanda D\u00edaz\u00a0(cercana al intendente de Col\u00f3n, Ricardo Casi); y por el intendente de San Andr\u00e9s de Giles, el massista\u00a0Carlos Puglelli.<\/p>\n<p>Adem\u00e1s, forma parte de esa n\u00f3mina la dirigente de Suteba, Luc\u00eda Klug; Cecilio Salazar, el intendente de San Pedro, del partido Fe; la dirigente Micaela Dova; el intendente de Salto, Ricardo Alessandro; y la concejala de Pergamino por Nuevo Encuentro, Laura Clark.<\/p>\n<p>Tambi\u00e9n, los dirigentes Nicol\u00e1s Cabrera; la referente de Suteba Marta Broda y el referente del peronismo de Exaltaci\u00f3n de la Cruz Ricardo Gonz\u00e1lez.<\/p>\n<p>En la\u00a0Tercera Secci\u00f3n, que elige 18 diputados, la lista estar\u00e1 encabezada por el intendente de Almirante Brown,\u00a0Mariano Cascallares, figura elegida para traccionar votos en el principal basti\u00f3n del peronismo en la provincia.<\/p>\n<p>El segundo puesto de esa n\u00f3mina es para la actual diputada Susana Gonz\u00e1lez, del espacio pol\u00edtico del intendente de Ensenada, Mario Secco; seguida por Ricardo Rolleri, presidente del bloque de concejales del FdT de La Matanza; y por la actual diputada provincial Mariana Larroque.<\/p>\n<p>El quinto integrante de esa boleta es el actual presidente de la C\u00e1mara de Diputados, Federico Oterm\u00edn, un hombre del intendente de Lomas de Zamora, Mart\u00edn Insaurralde.<\/p>\n<p>Contin\u00faa en la lista Berenice Latorre, dirigente de La C\u00e1mpora de Quilmes; seguida por Nicol\u00e1s Russo, el presidente del Club Lan\u00fas, quien va por un nuevo mandato como diputado; y por Ayel\u00e9n Rasquetti, secretaria de Desarrollo Social de Ca\u00f1uelas.<\/p>\n<p>En esa secci\u00f3n del sur del conurbano tambi\u00e9n forman parte de la boleta oficialista el actual presidente de la bancada oficialista, Facundo Tignanelli (de La C\u00e1mpora); Brenda Vargas Mtyi, secretaria de la Juventud de La Matanza; y Liliana Pintos, presidenta del Concejo Deliberante de La Matanza.<\/p>\n<p>La concejal y dirigente del Movimiento Evita de Lobos Milagros Moya y Christian Mi\u00f1o, de Florencio Varela y presidente de la Confederaci\u00f3n Nacional de Cooperativas de Trabajo tambi\u00e9n van por la Tercera.<\/p>\n<p>En la Cuarta Secci\u00f3n, que renueva 7 senadores, la lista ser\u00e1\u00a0encabezada por Walter Torchio, el intendente de Carlos Casares; seguida por la actual senadora provincial de La C\u00e1mpora,\u00a0Mar\u00eda Elena Defunchio.<\/p>\n<p>A la vez, conforman esa n\u00f3mina el dirigente massista de Rivadavia Juan Mart\u00ednez; Daniela Aguiera, Ariel Scolari (presidente del Concejo Deliberante de Alberti), Laura Oliva (la esposa del fallecido exministro de Transporte de la Naci\u00f3n, Mario Meoni) y por Jorge Carpinetti (cercano al dirigente gremial Omar Plaini).<\/p>\n<p>El Jefe regional de Anses en Mar del Plata, Pablo Obeid, y pareja de la titular del Anses, Fernanda Raverta, ser\u00e1 quien encabezar\u00e1 la lista por la Quinta Secci\u00f3n Electoral, que renueva 5 senadores.<\/p>\n<p>Ese dirigente de La C\u00e1mpora y licenciado en Historia estar\u00e1 acompa\u00f1ado en la grilla por la actual senadora, Gabriela Demar\u00eda (del espacio pol\u00edtico del actual intendente Cristian Carozo y de su antecesor Juan de Jes\u00fas, del partido de La Costa); y por el intendente de Las Flores, Alberto Gelen\u00e9.<\/p>\n<p>En esa\u00a0Quinta Secci\u00f3n, tambi\u00e9n ser\u00e1n candidatos la camporista\u00a0Juliana Petreigne, subsecretaria de Pol\u00edticas Sociales del ministerio de Desarrollo de la Comunidad que lidera Andr\u00e9s \u00abCuervo\u00bb Larroque;\u00a0Sergio Salinas, del Frente Grande marplatense; y\u00a0Ayel\u00e9n Borda\u00a0presidente Concejo Deliberante de General Paz.<\/p>\n<p>En la Sexta Secci\u00f3n, que renueva 11 diputados, la lista estar\u00e1 encabezada por el actual intendente de Monte Hermoso,\u00a0Alejandro Dichiara; seguido por\u00a0Maite Alvado, dirigente de La C\u00e1mpora de Bah\u00eda Blanca y actual Directora Provincial de Personas Jur\u00eddicas bonaerense.<\/p>\n<p>Ir\u00e1n tambi\u00e9n en la grilla Carlos \u00abCuto\u00bb Moreno, actual vicepresidente primero de la C\u00e1mara de Diputados, cercano al gobernador Axel Kicillof y a la vicepresidenta Cristina Kirchner y por el massismo, Fernanda Bevilacqua, de Villarino, intentar\u00e1 reelegir como diputada provincial como cuarta de la lista.<\/p>\n<p>En tanto, tambi\u00e9n conforman la boleta Carlos \u00abCoqui\u00bb Batista (del massismo de Pellegrini); Camila Lorenzo (dirigente de La C\u00e1mpora de Bah\u00eda Blanca); seguida por el concejal y periodista Carlos Quiroga, hombre de confianza de Federico Susbielles, referente kirchnerista y presidente del Consorcio de Gesti\u00f3n del puerto bahiense.<\/p>\n<p>Siguen en la boleta Marta Perie; el exintendente de Tornquist y actual funcionario de Vialidad Nacional Gustavo Trankels; la dirigente de Saavedra, Yanina Cerdeira y el concejal de Coronel Pringles Jos\u00e9 Esteves.<\/p>\n<p>La S\u00e9ptima, que renueva 3 senadores, estar\u00e1 encabezada por el actual diputado nacional\u00a0Eduardo \u00abBali\u00bb Bucca, quien sell\u00f3 el viernes su desembarco al Frente de Todos tras reunirse con el presidente Alberto Fern\u00e1ndez; seguida por la actual diputada nacional\u00a0Liliana Liliana Schwindt\u00a0(de Olavarr\u00eda) y\u00a0Federico Aguilera, actual funcionario del Ministerio de la Producci\u00f3n bonaerense.<\/p>\n<p>En la Octava\u00a0(La Plata), que renueva 6 diputados, integran la lista del peronismo el actual concejal\u00a0Ariel Archanco; seguido por\u00a0Luc\u00eda Ia\u00f1ez\u00a0Directora provincial de Acceso a la Justicia y Asistencia a la V\u00edctima bonaerense; el massista\u00a0Juan Mart\u00edn \u00abTachu\u00bb Malpelli; y Ana Castagneto:\u00a0actual edil del Frente de Todos.<\/p>\n<h6>Fuente: Telam<\/h6>\n","protected":false},"excerpt":{"rendered":"<p>Con el objetivo de lograr la mayor\u00eda en las dos c\u00e1maras, el oficialismo que busca renovar 46 bancas de duputados y 23 de senadores, opt\u00f3 por incluir a referentes de peso y con amplio poder territorial en las listas seccionales.<\/p>\n","protected":false},"author":2,"featured_media":116956,"comment_status":"closed","ping_status":"closed","sticky":false,"template":"","format":"standard","meta":{"footnotes":""},"categories":[4],"tags":[21],"class_list":["post-116955","post","type-post","status-publish","format-standard","has-post-thumbnail","hentry","category-informe-politico","tag-argentina"],"_links":{"self":[{"href":"http:\/\/argentinamunicipal.com.ar\/argentina\/wp-json\/wp\/v2\/posts\/116955","targetHints":{"allow":["GET"]}}],"collection":[{"href":"http:\/\/argentinamunicipal.com.ar\/argentina\/wp-json\/wp\/v2\/posts"}],"about":[{"href":"http:\/\/argentinamunicipal.com.ar\/argentina\/wp-json\/wp\/v2\/types\/post"}],"author":[{"embeddable":true,"href":"http:\/\/argentinamunicipal.com.ar\/argentina\/wp-json\/wp\/v2\/users\/2"}],"replies":[{"embeddable":true,"href":"http:\/\/argentinamunicipal.com.ar\/argentina\/wp-json\/wp\/v2\/comments?post=116955"}],"version-history":[{"count":0,"href":"http:\/\/argentinamunicipal.com.ar\/argentina\/wp-json\/wp\/v2\/posts\/116955\/revisions"}],"wp:featuredmedia":[{"embeddable":true,"href":"http:\/\/argentinamunicipal.com.ar\/argentina\/wp-json\/wp\/v2\/media\/116956"}],"wp:attachment":[{"href":"http:\/\/argentinamunicipal.com.ar\/argentina\/wp-json\/wp\/v2\/media?parent=116955"}],"wp:term":[{"taxonomy":"category","embeddable":true,"href":"http:\/\/argentinamunicipal.com.ar\/argentina\/wp-json\/wp\/v2\/categories?post=116955"},{"taxonomy":"post_tag","embeddable":true,"href":"http:\/\/argentinamunicipal.com.ar\/argentina\/wp-json\/wp\/v2\/tags?post=116955"}],"curies":[{"name":"wp","href":"https:\/\/api.w.org\/{rel}","templated":true}]}}