{"id":117135,"date":"2021-08-02T05:34:21","date_gmt":"2021-08-02T08:34:21","guid":{"rendered":"http:\/\/argentinamunicipal.com.ar\/argentina\/?p=117135"},"modified":"2021-07-30T06:36:36","modified_gmt":"2021-07-30T09:36:36","slug":"afirman-que-si-no-se-revierte-la-bajante-del-parana-habra-que-hacer-nuevas-obras-en-la-costa-rosarina","status":"publish","type":"post","link":"http:\/\/argentinamunicipal.com.ar\/argentina\/afirman-que-si-no-se-revierte-la-bajante-del-parana-habra-que-hacer-nuevas-obras-en-la-costa-rosarina\/","title":{"rendered":"Afirman que si no se revierte la bajante del Paran\u00e1 habr\u00e1 que hacer nuevas obras en la costa rosarina"},"content":{"rendered":"<p>Lo dijo el ingeniero Juan Carlos Rosado, especialista en suelos. \u00abEsta situaci\u00f3n si se prolonga modificar\u00e1 la relaci\u00f3n de la ciudad con su costa\u00bb, agreg\u00f3<\/p>\n<p>El hundimiento de un amplio sector de la explanada del Parque Espa\u00f1a expuso con contundencia uno de los graves perjuicios que puede causar la extraordinaria bajante del r\u00edo Paran\u00e1. Ese fen\u00f3meno h\u00eddrico, de acuerdo a la mirada del ingeniero Juan Carlos Rosado, un experto en suelos, \u201cpodr\u00eda modificar la relaci\u00f3n de la ciudad con la costa\u00bb, y consider\u00f3 que habr\u00e1 que hacer obras de adecuaci\u00f3n a la nueva realidad\u201d.<br \/>\nEn declaraciones al programa\u00a0\u201cEl primero de la ma\u00f1ana\u201d\u00a0de\u00a0LT8, el especialista sostuvo que el factor distintivo que exhibe la actual bajante del r\u00edo es \u201clo prolongado en el tiempo, lo que provoca un estr\u00e9s, una carga adicional sobre las estructuras de contenci\u00f3n en la ribera\u201d.<\/p>\n<p>El ingeniero Rosado advirti\u00f3 que \u201csi la bajante viene para quedarse mucho tiempo, habr\u00e1 que hacer obras de adecuaci\u00f3n a la nueva realidad de la costa. Por ejemplo, la toma de agua de Rosario tendr\u00e1 que buscar un punto de extracci\u00f3n m\u00e1s cerca del veril del canal, porque no tiene profundidad para garantizar la calidad del agua. Adem\u00e1s, al tener que bombear el agua desde un punto m\u00e1s bajo hacia la planta de potabilizaci\u00f3n se necesitar\u00e1 m\u00e1s energ\u00eda o bombas m\u00e1s poderosas\u201d.<\/p>\n<p>Rosado dijo que\u00a0si la situaci\u00f3n no se revierte \u201cla relaci\u00f3n entre la ciudad y su costa se modificar\u00e1. El r\u00edo es una cosa viva. Hay que ver cu\u00e1nto dura este fen\u00f3meno, pero si se prolonga indudablemente tendremos que hablar de un cambio de paradigma en esa relaci\u00f3n\u201d.<\/p>\n<p>En ese sentido, subray\u00f3 que \u201chace falta una mirada distinta sobre la relaci\u00f3n entre el r\u00edo y la ciudad. Habr\u00eda que tener un monitoreo de la costanera en forma constante. La Municipalidad lo hace con la Secretar\u00eda de Obras P\u00fablicas. Pero si eso no se transforma en obras, queda s\u00f3lo el diagn\u00f3stico. Para eso tiene que haber presupuesto porque son obras caras. Los puertos son las obras m\u00e1s caras que hay\u201d.<\/p>\n<p>Rosado consider\u00f3 no obstante que \u201cprobablemente en dos a\u00f1os el r\u00edo recupere su altura normal. El Paran\u00e1 nos otorga muchas ventajas como ciudad, pero tambi\u00e9n tiene sus caprichos. Manifiesta comportamientos at\u00edpicos y es la naturaleza la que tratamos de entender. Pero no siempre manejamos las variables que la gobiernan\u201d, subray\u00f3.<\/p>\n<h6>Fuente: La Capital<\/h6>\n","protected":false},"excerpt":{"rendered":"<p>Lo dijo el ingeniero Juan Carlos Rosado, especialista en suelos. \u00abEsta situaci\u00f3n si se prolonga modificar\u00e1 la relaci\u00f3n de la ciudad con su costa\u00bb, agreg\u00f3<\/p>\n","protected":false},"author":2,"featured_media":117136,"comment_status":"closed","ping_status":"closed","sticky":false,"template":"","format":"standard","meta":{"footnotes":""},"categories":[2],"tags":[10],"class_list":["post-117135","post","type-post","status-publish","format-standard","has-post-thumbnail","hentry","category-informe-municipal","tag-santa-fe"],"_links":{"self":[{"href":"http:\/\/argentinamunicipal.com.ar\/argentina\/wp-json\/wp\/v2\/posts\/117135","targetHints":{"allow":["GET"]}}],"collection":[{"href":"http:\/\/argentinamunicipal.com.ar\/argentina\/wp-json\/wp\/v2\/posts"}],"about":[{"href":"http:\/\/argentinamunicipal.com.ar\/argentina\/wp-json\/wp\/v2\/types\/post"}],"author":[{"embeddable":true,"href":"http:\/\/argentinamunicipal.com.ar\/argentina\/wp-json\/wp\/v2\/users\/2"}],"replies":[{"embeddable":true,"href":"http:\/\/argentinamunicipal.com.ar\/argentina\/wp-json\/wp\/v2\/comments?post=117135"}],"version-history":[{"count":0,"href":"http:\/\/argentinamunicipal.com.ar\/argentina\/wp-json\/wp\/v2\/posts\/117135\/revisions"}],"wp:featuredmedia":[{"embeddable":true,"href":"http:\/\/argentinamunicipal.com.ar\/argentina\/wp-json\/wp\/v2\/media\/117136"}],"wp:attachment":[{"href":"http:\/\/argentinamunicipal.com.ar\/argentina\/wp-json\/wp\/v2\/media?parent=117135"}],"wp:term":[{"taxonomy":"category","embeddable":true,"href":"http:\/\/argentinamunicipal.com.ar\/argentina\/wp-json\/wp\/v2\/categories?post=117135"},{"taxonomy":"post_tag","embeddable":true,"href":"http:\/\/argentinamunicipal.com.ar\/argentina\/wp-json\/wp\/v2\/tags?post=117135"}],"curies":[{"name":"wp","href":"https:\/\/api.w.org\/{rel}","templated":true}]}}