{"id":117188,"date":"2021-08-03T05:35:59","date_gmt":"2021-08-03T08:35:59","guid":{"rendered":"http:\/\/argentinamunicipal.com.ar\/argentina\/?p=117188"},"modified":"2021-08-02T20:08:40","modified_gmt":"2021-08-02T23:08:40","slug":"invertiran-250-millones-de-pesos-en-laboratorios-y-equipamiento-en-el-conicet-rosario","status":"publish","type":"post","link":"http:\/\/argentinamunicipal.com.ar\/argentina\/invertiran-250-millones-de-pesos-en-laboratorios-y-equipamiento-en-el-conicet-rosario\/","title":{"rendered":"Invertir\u00e1n 250 millones de pesos en laboratorios y equipamiento en el Conicet Rosario"},"content":{"rendered":"<p>El Gobierno nacional anunci\u00f3 un importante desembolso para potenciar el desarrollo cient\u00edfico de esa ciudad. \u201cSon se\u00f1ales inequ\u00edvocas de inversi\u00f3n de hacia d\u00f3nde va Argentina, y hacia d\u00f3nde queremos que nuestra provincia aporte a ese proyecto\u201d, destac\u00f3 Perotti.<\/p>\n<p>El gobernador Omar Perotti y el ministro de Ciencia, Tecnolog\u00eda e Innovaci\u00f3n de la Naci\u00f3n, Roberto Salvarezza, realizaron este lunes una recorrida por el Centro Cient\u00edfico Tecnol\u00f3gico (CCT) Conicet-Rosario, con el objetivo de anunciar importantes inversiones que se llevar\u00e1n a cabo en la provincia.<\/p>\n<p>En la oportunidad, el gobernador resalt\u00f3\u00a0\u201cla colaboraci\u00f3n entre lo p\u00fablico y lo privado, entre el nivel nacional, provincial y municipal\u201d, algo que consider\u00f3 \u201cclave y que se puede comprobar con estas obras. Quien toma la decisi\u00f3n de investigar, toma decisiones de vida, y esa decisi\u00f3n de vida lleva a\u00f1os\u201d, dijo Perotti.<\/p>\n<p>Y destac\u00f3 que \u201cnosotros tenemos que estar acompa\u00f1ando esa decisi\u00f3n con\u00a0se\u00f1ales inequ\u00edvocas de inversi\u00f3n\u00a0de hacia d\u00f3nde va Argentina, hacia d\u00f3nde queremos que nuestra provincia de Santa Fe aporte a ese proyecto nacional\u201d.<\/p>\n<p>Se anunci\u00f3 una inversi\u00f3n por\u00a0$250 millones en infraestructura, laboratorios y equipamiento\u00a0en el predio del Conicet Rosario. El objetivo es incrementar proyectos cient\u00edficos, vincularlos con empresas de base tecnol\u00f3gica y escalarlos para llevarlos a la producci\u00f3n. El desembolso se desglosa del siguiente modo:<\/p>\n<p>Instituto de Qu\u00edmica de Rosario (IQUIR): construcci\u00f3n del edificio, etapa 2 ($120.000.000).<\/p>\n<p>Centro de Estudios Fotosint\u00e9ticos y Bioqu\u00edmicos e Instituto de Fisiolog\u00eda Experimental (CEFOBI-IFISE): construcci\u00f3n del edificio etapa 1 ($60 millones). Total: $270.000.000.<\/p>\n<p>Centro Conicet Rosario 2: obras de infraestructura en el predio ($20.000.000). Al 2023 se invertir\u00e1n $90.000.000<br \/>\nInstituto de Procesos Biotecnol\u00f3gicos y Qu\u00edmicos Rosario (IPROByQ \/ UNR\/Conicet): $19.000.000 ala de edificio INNOVA en UNR.<\/p>\n<p>\u201cSanta Fe es una de las provincias con m\u00e1s potencial cient\u00edfico tecnol\u00f3gico, con un Conicet pujante que dispone de\u00a0m\u00e1s de mil investigadores que trabajan en 33 centros\u201d, dijo Roberto Salvarezza ministro de Ciencia, Tecnolog\u00eda e Innovaci\u00f3n de la Naci\u00f3n.<\/p>\n<h6>Fuente: Sin Mordaza<\/h6>\n","protected":false},"excerpt":{"rendered":"<p>El Gobierno nacional anunci\u00f3 un importante desembolso para potenciar el desarrollo cient\u00edfico de esa ciudad. \u201cSon se\u00f1ales inequ\u00edvocas de inversi\u00f3n de hacia d\u00f3nde va Argentina, y hacia d\u00f3nde queremos que nuestra provincia aporte a ese proyecto\u201d, destac\u00f3 Perotti.<\/p>\n","protected":false},"author":2,"featured_media":117189,"comment_status":"closed","ping_status":"closed","sticky":false,"template":"","format":"standard","meta":{"footnotes":""},"categories":[2],"tags":[10],"class_list":["post-117188","post","type-post","status-publish","format-standard","has-post-thumbnail","hentry","category-informe-municipal","tag-santa-fe"],"_links":{"self":[{"href":"http:\/\/argentinamunicipal.com.ar\/argentina\/wp-json\/wp\/v2\/posts\/117188","targetHints":{"allow":["GET"]}}],"collection":[{"href":"http:\/\/argentinamunicipal.com.ar\/argentina\/wp-json\/wp\/v2\/posts"}],"about":[{"href":"http:\/\/argentinamunicipal.com.ar\/argentina\/wp-json\/wp\/v2\/types\/post"}],"author":[{"embeddable":true,"href":"http:\/\/argentinamunicipal.com.ar\/argentina\/wp-json\/wp\/v2\/users\/2"}],"replies":[{"embeddable":true,"href":"http:\/\/argentinamunicipal.com.ar\/argentina\/wp-json\/wp\/v2\/comments?post=117188"}],"version-history":[{"count":0,"href":"http:\/\/argentinamunicipal.com.ar\/argentina\/wp-json\/wp\/v2\/posts\/117188\/revisions"}],"wp:featuredmedia":[{"embeddable":true,"href":"http:\/\/argentinamunicipal.com.ar\/argentina\/wp-json\/wp\/v2\/media\/117189"}],"wp:attachment":[{"href":"http:\/\/argentinamunicipal.com.ar\/argentina\/wp-json\/wp\/v2\/media?parent=117188"}],"wp:term":[{"taxonomy":"category","embeddable":true,"href":"http:\/\/argentinamunicipal.com.ar\/argentina\/wp-json\/wp\/v2\/categories?post=117188"},{"taxonomy":"post_tag","embeddable":true,"href":"http:\/\/argentinamunicipal.com.ar\/argentina\/wp-json\/wp\/v2\/tags?post=117188"}],"curies":[{"name":"wp","href":"https:\/\/api.w.org\/{rel}","templated":true}]}}