{"id":117191,"date":"2021-08-03T05:35:00","date_gmt":"2021-08-03T08:35:00","guid":{"rendered":"http:\/\/argentinamunicipal.com.ar\/argentina\/?p=117191"},"modified":"2021-08-02T20:14:38","modified_gmt":"2021-08-02T23:14:38","slug":"santa-fe-se-firmo-convenio-para-implementar-programa-nacional-de-municipios-saludables","status":"publish","type":"post","link":"http:\/\/argentinamunicipal.com.ar\/argentina\/santa-fe-se-firmo-convenio-para-implementar-programa-nacional-de-municipios-saludables\/","title":{"rendered":"Santa Fe: Se firm\u00f3 convenio para implementar programa nacional de municipios saludables"},"content":{"rendered":"<p>La rubrica se llev\u00f3 a cabo entre la ministra de Salud, Sonia Martorano y la subsecretaria de Integraci\u00f3n de los Sistemas del Ministerio de Salud de la Naci\u00f3n, Judit D\u00edaz Baz\u00e1n.<\/p>\n<p>El Ministerio de Salud provincial y representantes de la cartera sanitaria nacional firmaron un convenio para la implementaci\u00f3n del programa nacional de ciudades, municipios y comunidades saludables. Tiene por objetivo fortalecer las capacidades de los municipios en la promoci\u00f3n y la gesti\u00f3n de la salud. Act\u00faa sobre los principales determinantes sanitarios de la poblaci\u00f3n, priorizando a aquellos que presentan indicadores sanitarios, sociales, econ\u00f3micos y de capacidad institucional m\u00e1s desfavorables. Es para reducir las inequidades territoriales.<\/p>\n<p>En este sentido, la ministra de Salud, Sonia Martorano indic\u00f3 que \u201ctenemos 7 l\u00edneas de espacios para mejorar la calidad de vida de nuestra gente en las comunidades. Posteriormente trabajaremos tambi\u00e9n en un programa de salud mental. Queremos reforzar lo relacionado con atenci\u00f3n primaria de la salud y el primer diagn\u00f3stico en salud mental o adicci\u00f3n\u201d.<\/p>\n<p>Adem\u00e1s, la funcionaria remarc\u00f3 que \u201cqueremos desarrollar un programa de manejo de urgencias de estos casos. Porque adem\u00e1s de tener atenci\u00f3n primaria, tenemos que poder hacer abordajes integrales en la urgencia y emergencia\u201d.<\/p>\n<p>\u201cAsimismo seguimos trabajando con pueblos originarios y es muy importante poder llegar a ellos a trav\u00e9s de su propia gente. Es decir con lo que tiene que ver con la interculturalidad. El programa tiene que ver con becas para estas comunidades originarias donde se va a trabajar en lo que respecta a educaci\u00f3n. Todo lo que se requiere para mejorar condiciones de vida y salud\u201d, continu\u00f3 la ministra.<\/p>\n<p>Finalmente, Martorano explic\u00f3 que \u201chay un programa que atraviesa a todos y tiene que ver con telemedicina el cual permite acercar distancias. Todos estos trabajos tienen que ver con abordajes integrales y territoriales. Con una mirada externa que nos dan desde naci\u00f3n donde nos permite potenciar las ideas que uno tiene y las personas que est\u00e1n llevando adelante estos programas\u201d.<\/p>\n<p><strong>Trabajo conjunto<\/strong><br \/>\nPor su parte, la subsecretaria de Integraci\u00f3n de los Sistemas del Ministerio de Salud de la Naci\u00f3n, Judit D\u00edaz Baz\u00e1n, explic\u00f3 que \u201ces una herramienta donde la ministra Vizzotti puso en valor este concepto de estar al lado de los municipios. De definir cu\u00e1l es su prioridad en salud, si los problemas que tienen son siniestros viales, agua segura para el consumo, cuidado del adulto mayor. Incluso una l\u00ednea que tiene apoyo y fortalecimiento institucional como el municipio trabaja fuertemente articulado con el ministerio de salud de la provincia frente a diferentes problemas de salud\u201d.<\/p>\n<p>\u201cUna vez firmado el convenio, a partir de la pr\u00f3xima semana ya estar\u00edan los fondos disponibles para cada intendente en una transferencia directa. Cabe se\u00f1alar que se realizar\u00e1 una selecci\u00f3n de municipios que comenzar\u00edan a trabajar mediante este convenio y progresivamente se ir\u00e1n incorporando otros\u201d, concluy\u00f3 Diaz Baz\u00e1n.<\/p>\n<p><strong>L\u00edneas de promoci\u00f3n de salud que se promover\u00e1n\u00a0<\/strong><br \/>\nEntornos Saludables: Inversi\u00f3n en Infraestructura, implementaci\u00f3n de normativas y capacitaci\u00f3n de personal para generar entornos locales que favorezcan los h\u00e1bitos saludables en los individuos. Desarrollo de bicisendas, espacios adaptados para la promoci\u00f3n de la actividad f\u00edsica (Inversi\u00f3n en ejercitadores de uso p\u00fablico, l\u00edneas de agua potable para bebederos, iluminaci\u00f3n adecuada, pistas para caminar), Municipios 100% libres de humo (sin excepciones como casas de juego o clubes de fumadores), Proyectos deportivos locales para incluir a la juventud vulnerable, apoyo a los clubes de barrio etc.<\/p>\n<p>Seguridad Alimentaria: Desarrollo de modelos y pr\u00e1cticas de producci\u00f3n, comercio y consumo sostenibles e incorporar la dimensi\u00f3n nutrici\u00f3n y salud en las actividades socioecono\u0301micas actuales y futuras. Promoci\u00f3n de mercados locales de agricultores de cercan\u00eda, cooperativas comunitarias y otros esfuerzos de consolidaci\u00f3n de la comunidad que despierten el inter\u00e9s de las personas en las culturas alimentarias locales. Normativa local para la producci\u00f3n de alimentos locales reducidos en sodio.<\/p>\n<p>Seguridad Vial: Implementaci\u00f3n de Proyectos de bajo costo y alto impacto definidos en conjunto con la Agencia Nacional de Seguridad Vial. Inversi\u00f3n en infraestructura como reductores de velocidad, mini rotondas, estrechamientos de calzada, isletas de giro forzado e iluminaci\u00f3n.<\/p>\n<p>Salud ambiental: Inversi\u00f3n en infraestructura, equipamiento, campa\u00f1as de comunicaci\u00f3n y capacitaci\u00f3n de equipos t\u00e9cnicos para reducir la generaci\u00f3n de basura y el control de vectores en los municipios. Esto implica desarrollo de plantas de reciclado de residuos locales de bajo costo, plantas de tratamiento de efluentes con m\u00e9todos biotecnol\u00f3gicos, campa\u00f1as de comunicaci\u00f3n para introducir cambios conductuales como la separaci\u00f3n la clasificaci\u00f3n y separaci\u00f3n de residuos. Inversi\u00f3n en equipamiento, capacitaci\u00f3n e insumos para el control de vectores prevalentes por provincia.<\/p>\n<p>Municipio amigable para adultos mayores: Acceso equitativo de actividades culturales, deportivas de esparcimiento en general, espacios p\u00fablicos con infraestructura adecuadas para adultos mayores, residencias de adultos mayores conectadas con el sistema de atenci\u00f3n p\u00fablico de salud por telesalud, hist\u00f3rica cl\u00ednica digital y capacitaci\u00f3n constante de los equipos de atenci\u00f3n.<\/p>\n<p>Gesti\u00f3n de Servicios de salud: Inversi\u00f3n en las capacidades, herramientas e infraestructura necesaria para favorecer el trabajo en red de los efectores de salud nacionales, provinciales y municipales y garantizar la trazabilidad de los pacientes a trav\u00e9s de la red de atenci\u00f3n. Implementaci\u00f3n de sistemas de registros HCE compartidos entre la provincia y los municipios, equipos de acompa\u00f1amiento, entre los efectores provinciales y municipales, para pacientes vulnerables con enfermedades cr\u00f3nicas. Centro coordinador de redes para seguimiento de pacientes que tuvieron casos severos de COVID-19. Fortalecimiento de los dispositivos intermedios para salud mental como casas de medio camino, casas de mujeres, etc.<\/p>\n<p>Fortalecimiento institucional: Desarrollo institucional, normativo e implementaci\u00f3n de pol\u00edticas basadas en sistemas de informaci\u00f3n compartidos y homologados provincial y nacionalmente. A partir de los indicadores de las Salas de Situaci\u00f3n de Salud local, que demuestren progresos en las acciones de cuidados de salud municipales, se escalar\u00e1n los incentivos financieros del programa.<\/p>\n<h6>Fuente: Sin Mordaza<\/h6>\n","protected":false},"excerpt":{"rendered":"<p>La rubrica se llev\u00f3 a cabo entre la ministra de Salud, Sonia Martorano y la subsecretaria de Integraci\u00f3n de los Sistemas del Ministerio de Salud de la Naci\u00f3n, Judit D\u00edaz Baz\u00e1n.<\/p>\n","protected":false},"author":2,"featured_media":117192,"comment_status":"closed","ping_status":"closed","sticky":false,"template":"","format":"standard","meta":{"footnotes":""},"categories":[2],"tags":[10],"class_list":["post-117191","post","type-post","status-publish","format-standard","has-post-thumbnail","hentry","category-informe-municipal","tag-santa-fe"],"_links":{"self":[{"href":"http:\/\/argentinamunicipal.com.ar\/argentina\/wp-json\/wp\/v2\/posts\/117191","targetHints":{"allow":["GET"]}}],"collection":[{"href":"http:\/\/argentinamunicipal.com.ar\/argentina\/wp-json\/wp\/v2\/posts"}],"about":[{"href":"http:\/\/argentinamunicipal.com.ar\/argentina\/wp-json\/wp\/v2\/types\/post"}],"author":[{"embeddable":true,"href":"http:\/\/argentinamunicipal.com.ar\/argentina\/wp-json\/wp\/v2\/users\/2"}],"replies":[{"embeddable":true,"href":"http:\/\/argentinamunicipal.com.ar\/argentina\/wp-json\/wp\/v2\/comments?post=117191"}],"version-history":[{"count":0,"href":"http:\/\/argentinamunicipal.com.ar\/argentina\/wp-json\/wp\/v2\/posts\/117191\/revisions"}],"wp:featuredmedia":[{"embeddable":true,"href":"http:\/\/argentinamunicipal.com.ar\/argentina\/wp-json\/wp\/v2\/media\/117192"}],"wp:attachment":[{"href":"http:\/\/argentinamunicipal.com.ar\/argentina\/wp-json\/wp\/v2\/media?parent=117191"}],"wp:term":[{"taxonomy":"category","embeddable":true,"href":"http:\/\/argentinamunicipal.com.ar\/argentina\/wp-json\/wp\/v2\/categories?post=117191"},{"taxonomy":"post_tag","embeddable":true,"href":"http:\/\/argentinamunicipal.com.ar\/argentina\/wp-json\/wp\/v2\/tags?post=117191"}],"curies":[{"name":"wp","href":"https:\/\/api.w.org\/{rel}","templated":true}]}}