{"id":117234,"date":"2021-08-04T05:01:08","date_gmt":"2021-08-04T08:01:08","guid":{"rendered":"http:\/\/argentinamunicipal.com.ar\/argentina\/?p=117234"},"modified":"2021-08-03T20:03:14","modified_gmt":"2021-08-03T23:03:14","slug":"piden-en-rosario-la-creacion-de-un-programa-de-fomento-al-trabajo-para-jovenes-mujeres","status":"publish","type":"post","link":"http:\/\/argentinamunicipal.com.ar\/argentina\/piden-en-rosario-la-creacion-de-un-programa-de-fomento-al-trabajo-para-jovenes-mujeres\/","title":{"rendered":"Piden en Rosario la creaci\u00f3n de un programa de fomento al trabajo para j\u00f3venes mujeres"},"content":{"rendered":"<p>El proyecto denominado \u201c+LIBRES, Programa de Integraci\u00f3n Laboral de las j\u00f3venes mujeres de entre 18 y 35 a\u00f1os\u201d, es una iniciativa impulsada por la Campa\u00f1a por la Emergencia Nacional en Violencia contra las Mujeres, filial Rosario.<\/p>\n<p>La Campa\u00f1a por la Emergencia Nacional en Violencia contra las Mujeres present\u00f3 en el Concejo Municipal de Rosario un\u00a0proyecto de integraci\u00f3n laboral para mujeres de entre 18 y 35 a\u00f1os\u00a0en peque\u00f1as y medianas empresas (pymes) y comercios locales.<\/p>\n<p>El proyecto denominado \u201c+LIBRES, Programa de Integraci\u00f3n Laboral de las j\u00f3venes mujeres de entre 18 y 35 a\u00f1os\u201d, es una iniciativa impulsada por la Campa\u00f1a por la Emergencia Nacional en Violencia contra las Mujeres, filial Rosario.<\/p>\n<p>La coordinadora de la Campa\u00f1a, Nazarena Galanti, inform\u00f3 que \u201clas j\u00f3venes mujeres somos el sector m\u00e1s golpeado por la precarizaci\u00f3n laboral y la falta de empleo\u201d.<\/p>\n<p>\u201cLa pandemia solo profundiz\u00f3 esta situaci\u00f3n:\u00a0seg\u00fan datos del Indec, en el a\u00f1o 2020 el desempleo en mujeres del rango etario de 18 a 29 a\u00f1os lleg\u00f3 al 26%\u00bb explic\u00f3.<\/p>\n<p>Leer tambi\u00e9n:\u00a0Peones esclavizados en el norte: trabajo forzoso y d\u00edas sin comer<br \/>\nY agreg\u00f3 que Rosario \u201cse instal\u00f3 como la segunda ciudad con mayor \u00edndice de desempleo durante la pandemia. Pero en este periodo no todos los sectores econ\u00f3micos perdieron poder adquisitivo\u201d.<\/p>\n<p>\u201cPor eso,\u00a0el proyecto propone la creaci\u00f3n de un fondo municipal que salga de duplicar el DREI a los servicios portuarios, el Puerto de Rosario y los bancos privados\u00bb, agreg\u00f3 Galanti.<\/p>\n<p>\u00abCon ese fondo se puede cubrir el 50% del salario m\u00ednimo, vital y m\u00f3vil de las mujeres beneficiarias y, al mismo tiempo, ayudar a les comerciantes y peque\u00f1os empresarios, otro de los sectores castigados por la crisis\u00bb, ampli\u00f3.<\/p>\n<h6>Fuente: Sin Mordaza<\/h6>\n","protected":false},"excerpt":{"rendered":"<p>El proyecto denominado \u201c+LIBRES, Programa de Integraci\u00f3n Laboral de las j\u00f3venes mujeres de entre 18 y 35 a\u00f1os\u201d, es una iniciativa impulsada por la Campa\u00f1a por la Emergencia Nacional en Violencia contra las Mujeres, filial Rosario.<\/p>\n","protected":false},"author":2,"featured_media":117235,"comment_status":"closed","ping_status":"closed","sticky":false,"template":"","format":"standard","meta":{"footnotes":""},"categories":[2],"tags":[10],"class_list":["post-117234","post","type-post","status-publish","format-standard","has-post-thumbnail","hentry","category-informe-municipal","tag-santa-fe"],"_links":{"self":[{"href":"http:\/\/argentinamunicipal.com.ar\/argentina\/wp-json\/wp\/v2\/posts\/117234","targetHints":{"allow":["GET"]}}],"collection":[{"href":"http:\/\/argentinamunicipal.com.ar\/argentina\/wp-json\/wp\/v2\/posts"}],"about":[{"href":"http:\/\/argentinamunicipal.com.ar\/argentina\/wp-json\/wp\/v2\/types\/post"}],"author":[{"embeddable":true,"href":"http:\/\/argentinamunicipal.com.ar\/argentina\/wp-json\/wp\/v2\/users\/2"}],"replies":[{"embeddable":true,"href":"http:\/\/argentinamunicipal.com.ar\/argentina\/wp-json\/wp\/v2\/comments?post=117234"}],"version-history":[{"count":0,"href":"http:\/\/argentinamunicipal.com.ar\/argentina\/wp-json\/wp\/v2\/posts\/117234\/revisions"}],"wp:featuredmedia":[{"embeddable":true,"href":"http:\/\/argentinamunicipal.com.ar\/argentina\/wp-json\/wp\/v2\/media\/117235"}],"wp:attachment":[{"href":"http:\/\/argentinamunicipal.com.ar\/argentina\/wp-json\/wp\/v2\/media?parent=117234"}],"wp:term":[{"taxonomy":"category","embeddable":true,"href":"http:\/\/argentinamunicipal.com.ar\/argentina\/wp-json\/wp\/v2\/categories?post=117234"},{"taxonomy":"post_tag","embeddable":true,"href":"http:\/\/argentinamunicipal.com.ar\/argentina\/wp-json\/wp\/v2\/tags?post=117234"}],"curies":[{"name":"wp","href":"https:\/\/api.w.org\/{rel}","templated":true}]}}