{"id":117459,"date":"2021-08-11T04:33:47","date_gmt":"2021-08-11T07:33:47","guid":{"rendered":"http:\/\/argentinamunicipal.com.ar\/argentina\/?p=117459"},"modified":"2021-08-10T19:36:07","modified_gmt":"2021-08-10T22:36:07","slug":"ley-micaela-en-santa-fe-nueva-convocatoria-a-municipios-comunas-y-organizaciones","status":"publish","type":"post","link":"http:\/\/argentinamunicipal.com.ar\/argentina\/ley-micaela-en-santa-fe-nueva-convocatoria-a-municipios-comunas-y-organizaciones\/","title":{"rendered":"Ley Micaela en Santa Fe: nueva convocatoria a municipios, comunas y organizaciones"},"content":{"rendered":"<p>Es impulsada por el Ministerio de Igualdad, G\u00e9nero y Diversidad. El objetivo es favorecer la incorporaci\u00f3n del enfoque de g\u00e9nero y diversidad sexual en el dise\u00f1o de pol\u00edticas p\u00fablicas y organizacionales.<\/p>\n<p>El Gobierno de Santa Fe, a trav\u00e9s del Ministerio de Igualdad, G\u00e9nero y Diversidad, abri\u00f3 una nueva convocatoria al programa de capacitaci\u00f3n correspondiente a \u00abLey Micaela\u00bb.<\/p>\n<p>La propuesta est\u00e1 destinada, por un lado, \u00aba autoridades municipales y comunales; y formadores\/as que designen las autoridades locales; y por otro, a organizaciones de la sociedad civil -sindicatos, clubes, colegios profesionales, etc-, en el marco de la ley provincial N\u00ba 13891\/2019, cuya reglamentaci\u00f3n se contempla en el decreto N\u00ba 0192\/2020\u00bb.<\/p>\n<p>\u201cEs un compromiso de esta gesti\u00f3n encabezada por Omar Perotti el de lograr que la denominada Ley Micaela llegue a cada rinc\u00f3n de la provincia. En este sentido, funcionarios y funcionarias, autoridades y formadores y formadoras de mas de 267 localidades ya participaron y queremos extenderlo para que no quede ning\u00fan municipio o comuna sin estas herramientas\u201d, sostuvo la ministra de Igualdad, G\u00e9nero y Diversidad, Celia Arena.<\/p>\n<p>\u00abES UN COMPROMISO DE ESTA GESTI\u00d3N ENCABEZADA POR OMAR PEROTTI EL DE LOGRAR QUE LA DENOMINADA LEY MICAELA LLEGUE A CADA RINC\u00d3N DE LA PROVINCIA\u00bb<\/p>\n<p>\u201cLa Ley Micaela\u00a0es una herramienta poderos\u00edsima, nos sirve para interpelar nuestras propias pr\u00e1cticas y entender que con cada una de las decisiones que tomamos, por m\u00e1s m\u00ednima que sea, podemos contribuir a cerrar brechas de desigualdad o agrandarlas, a garantizar la protecci\u00f3n de las mujeres y diversidades que atraviesan situaciones de violencia de g\u00e9nero o agravar estas situaciones. Es por eso que valoramos much\u00edsimo que instituciones de la sociedad civil ya se hayan sumado y convocamos a m\u00e1s clubes, sindicatos, gremios, colegios profesionales a participar para que cada persona desde el lugar que ocupa pueda aportar a construir una sociedad m\u00e1s igualitaria y libre de violencias\u201d, agreg\u00f3 Arena.<\/p>\n<h6>Fuente: Sin Mordaza<\/h6>\n","protected":false},"excerpt":{"rendered":"<p>Es impulsada por el Ministerio de Igualdad, G\u00e9nero y Diversidad. El objetivo es favorecer la incorporaci\u00f3n del enfoque de g\u00e9nero y diversidad sexual en el dise\u00f1o de pol\u00edticas p\u00fablicas y organizacionales.<\/p>\n","protected":false},"author":2,"featured_media":117460,"comment_status":"closed","ping_status":"closed","sticky":false,"template":"","format":"standard","meta":{"footnotes":""},"categories":[2],"tags":[10],"class_list":["post-117459","post","type-post","status-publish","format-standard","has-post-thumbnail","hentry","category-informe-municipal","tag-santa-fe"],"_links":{"self":[{"href":"http:\/\/argentinamunicipal.com.ar\/argentina\/wp-json\/wp\/v2\/posts\/117459","targetHints":{"allow":["GET"]}}],"collection":[{"href":"http:\/\/argentinamunicipal.com.ar\/argentina\/wp-json\/wp\/v2\/posts"}],"about":[{"href":"http:\/\/argentinamunicipal.com.ar\/argentina\/wp-json\/wp\/v2\/types\/post"}],"author":[{"embeddable":true,"href":"http:\/\/argentinamunicipal.com.ar\/argentina\/wp-json\/wp\/v2\/users\/2"}],"replies":[{"embeddable":true,"href":"http:\/\/argentinamunicipal.com.ar\/argentina\/wp-json\/wp\/v2\/comments?post=117459"}],"version-history":[{"count":0,"href":"http:\/\/argentinamunicipal.com.ar\/argentina\/wp-json\/wp\/v2\/posts\/117459\/revisions"}],"wp:featuredmedia":[{"embeddable":true,"href":"http:\/\/argentinamunicipal.com.ar\/argentina\/wp-json\/wp\/v2\/media\/117460"}],"wp:attachment":[{"href":"http:\/\/argentinamunicipal.com.ar\/argentina\/wp-json\/wp\/v2\/media?parent=117459"}],"wp:term":[{"taxonomy":"category","embeddable":true,"href":"http:\/\/argentinamunicipal.com.ar\/argentina\/wp-json\/wp\/v2\/categories?post=117459"},{"taxonomy":"post_tag","embeddable":true,"href":"http:\/\/argentinamunicipal.com.ar\/argentina\/wp-json\/wp\/v2\/tags?post=117459"}],"curies":[{"name":"wp","href":"https:\/\/api.w.org\/{rel}","templated":true}]}}