{"id":117559,"date":"2021-08-13T04:35:18","date_gmt":"2021-08-13T07:35:18","guid":{"rendered":"http:\/\/argentinamunicipal.com.ar\/argentina\/?p=117559"},"modified":"2021-08-13T06:37:35","modified_gmt":"2021-08-13T09:37:35","slug":"mas-de-40-jovenes-rafaelinos-ingresaron-al-programa-entrenamiento-para-el-trabajo","status":"publish","type":"post","link":"http:\/\/argentinamunicipal.com.ar\/argentina\/mas-de-40-jovenes-rafaelinos-ingresaron-al-programa-entrenamiento-para-el-trabajo\/","title":{"rendered":"M\u00e1s de 40 j\u00f3venes rafaelinos ingresaron al programa Entrenamiento para el Trabajo"},"content":{"rendered":"<p>Con articulaci\u00f3n municipal, provincial y nacional, la propuesta contin\u00faa convocando a nuevos participantes.<\/p>\n<p>Contin\u00faa en desarrollo el programa Entrenamiento para el Trabajo en la ciudad de Rafaela. Se consolida a partir de la articulaci\u00f3n de programas de empleo de diferentes niveles de gobierno -municipales, nacionales y provinciales- como son las Pr\u00e1cticas Laborales que dependen del Ministerio de Trabajo, Empleo y Seguridad Social de la Provincia de Santa Fe y los Entrenamientos para el Trabajo y Programa de Inserci\u00f3n Laboral que se bajan al territorio a trav\u00e9s del Ministerio de Trabajo de la Naci\u00f3n.<\/p>\n<p>La coordinadora de la Oficina de Empleo, Carolina Albrecht, manifest\u00f3: \u00abEn esta oportunidad estamos dando inicio y acompa\u00f1ando a j\u00f3venes que tienen la posibilidad de tener su primer experiencia laboral en empresas, comercios e industrias de nuestra ciudad bajo la modalidad de Entrenamiento para el Trabajo\u00bb.<\/p>\n<p>\u00abActualmente m\u00e1s de 74 empresas tienen j\u00f3venes transitando por alguno de estos programas de empleo. Son herramientas valiosas tanto para el participante como para la empresa. Esto se demuestra en que el 47,85% de los y las j\u00f3venes que realizan sus pr\u00e1cticas laborales quedan trabajando en la compa\u00f1\u00eda\u00bb; sum\u00f3.<\/p>\n<p>\u00abOtro dato importante es la participaci\u00f3n seg\u00fan el g\u00e9nero, siendo el 54,67% participantes mujeres y el 45,33% varones. Sabemos que dentro de la poblaci\u00f3n desocupada, el desempleo afecta en mayor proporci\u00f3n a las mujeres j\u00f3venes. Por este motivo, desde la Oficina reforzamos esfuerzos tratando de garantizar las mismas posibilidades de inserci\u00f3n para varones y mujeres\u00bb; cerr\u00f3.<\/p>\n<p><strong>\u00ab244 j\u00f3venes en m\u00e1s de 30 empresas\u00bb<\/strong><br \/>\nEl coordinador de la Oficina de Empleo, Juan Ignacio Ruggia, expres\u00f3: \u00abRealizamos una reuni\u00f3n con las y los j\u00f3venes que comenzaron sus pr\u00e1cticas laborales en el programa Entrenamiento para el Trabajo del Ministerio de Trabajo de la Naci\u00f3n. Hace 12 a\u00f1os que se viene trabajando con este programa. En el mes de agosto 42 chicos y chicas empezaron a hacer sus pr\u00e1cticas en la ciudad\u00bb.<\/p>\n<p>\u00abEn este momento son 244 j\u00f3venes en m\u00e1s de 30 empresas de la ciudad. Esta oportunidad no solo tiene como consecuencia el entrenamiento y la experiencia tan deseada desde la pr\u00e1ctica, sino tambi\u00e9n la posibilidad de que puedan formar parte de un equipo de trabajo. Por otra parte, las y los j\u00f3venes reciben un incentivo por hacer la pr\u00e1ctica en las empresas\u00bb; sum\u00f3.<\/p>\n<h6>Fuente: Sin Mordaza<\/h6>\n","protected":false},"excerpt":{"rendered":"<p>Con articulaci\u00f3n municipal, provincial y nacional, la propuesta contin\u00faa convocando a nuevos participantes.<\/p>\n","protected":false},"author":2,"featured_media":117560,"comment_status":"closed","ping_status":"closed","sticky":false,"template":"","format":"standard","meta":{"footnotes":""},"categories":[2],"tags":[10],"class_list":["post-117559","post","type-post","status-publish","format-standard","has-post-thumbnail","hentry","category-informe-municipal","tag-santa-fe"],"_links":{"self":[{"href":"http:\/\/argentinamunicipal.com.ar\/argentina\/wp-json\/wp\/v2\/posts\/117559","targetHints":{"allow":["GET"]}}],"collection":[{"href":"http:\/\/argentinamunicipal.com.ar\/argentina\/wp-json\/wp\/v2\/posts"}],"about":[{"href":"http:\/\/argentinamunicipal.com.ar\/argentina\/wp-json\/wp\/v2\/types\/post"}],"author":[{"embeddable":true,"href":"http:\/\/argentinamunicipal.com.ar\/argentina\/wp-json\/wp\/v2\/users\/2"}],"replies":[{"embeddable":true,"href":"http:\/\/argentinamunicipal.com.ar\/argentina\/wp-json\/wp\/v2\/comments?post=117559"}],"version-history":[{"count":0,"href":"http:\/\/argentinamunicipal.com.ar\/argentina\/wp-json\/wp\/v2\/posts\/117559\/revisions"}],"wp:featuredmedia":[{"embeddable":true,"href":"http:\/\/argentinamunicipal.com.ar\/argentina\/wp-json\/wp\/v2\/media\/117560"}],"wp:attachment":[{"href":"http:\/\/argentinamunicipal.com.ar\/argentina\/wp-json\/wp\/v2\/media?parent=117559"}],"wp:term":[{"taxonomy":"category","embeddable":true,"href":"http:\/\/argentinamunicipal.com.ar\/argentina\/wp-json\/wp\/v2\/categories?post=117559"},{"taxonomy":"post_tag","embeddable":true,"href":"http:\/\/argentinamunicipal.com.ar\/argentina\/wp-json\/wp\/v2\/tags?post=117559"}],"curies":[{"name":"wp","href":"https:\/\/api.w.org\/{rel}","templated":true}]}}