{"id":117609,"date":"2021-08-17T06:36:05","date_gmt":"2021-08-17T09:36:05","guid":{"rendered":"http:\/\/argentinamunicipal.com.ar\/argentina\/?p=117609"},"modified":"2021-08-17T06:36:05","modified_gmt":"2021-08-17T09:36:05","slug":"la-historica-bajante-del-parana-tiene-en-vilo-a-la-actividad-nautica","status":"publish","type":"post","link":"http:\/\/argentinamunicipal.com.ar\/argentina\/la-historica-bajante-del-parana-tiene-en-vilo-a-la-actividad-nautica\/","title":{"rendered":"La hist\u00f3rica bajante del Paran\u00e1 tiene en vilo a la actividad n\u00e1utica"},"content":{"rendered":"<p>Tras las restricciones que impuso la pandemia, guarder\u00edas, clubes y empresas de servicios siguen sin poder recuperarse<\/p>\n<p>La hist\u00f3rica bajante del Paran\u00e1 dej\u00f3 sin agua caletas y amarras y puso freno a gran parte de las actividades relacionadas con el uso recreativo del r\u00edo. A un mes de que la provincia flexibilizara las restricciones para evitar contagios de covid y habilitara la navegaci\u00f3n, la situaci\u00f3n de guarder\u00edas, locales de servicios o venta de embarcaciones sigue siendo dram\u00e1tica. Los comerciantes advierten que est\u00e1n en juego los ingresos de unas 6 mil familias relacionadas con distintos oficios del rubro y llevan m\u00e1s de un a\u00f1o y medio parados. Los clubes de la costa tendr\u00e1n un encuentro este jueves para evaluar la realidad del sector.<br \/>\nCon una altura de dos cent\u00edmetros por debajo del cero en el hidr\u00f3metro del Puerto de Rosario y pron\u00f3sticos de llegar a niveles a\u00fan m\u00e1s bajos en las pr\u00f3ximas tres semanas, la prolongada\u00a0bajante\u00a0del\u00a0Paran\u00e1\u00a0amenaza con transformar tambi\u00e9n los usos recreativos del r\u00edo.<\/p>\n<p>Este fin de semana largo, soleado y sin viento, el r\u00edo ofreci\u00f3 una postal poco frecuente. Pese a las buenas condiciones para navegar, el Paran\u00e1 estuvo casi despojado de lanchas, yates o veleros cruzando hacia la isla.<\/p>\n<p>\u00abEstamos en una situaci\u00f3n complicada\u00bb, se\u00f1ala Daniel Van Tuyne, presidente de la C\u00e1mara N\u00e1utica Regi\u00f3n Rosario\u00a0y uno de los titulares de la Guarder\u00eda Los Marinos, y describe que por las restricciones primero y por la bajante despu\u00e9s, la actividad n\u00e1utica se redujo.\u00a0\u00abLa mayor\u00eda de los clubes n\u00e1uticos no est\u00e1n operativos y si bien las guarder\u00edas est\u00e1n trabajando, si el r\u00edo contin\u00faa a la baja tambi\u00e9n van a estar complicadas\u00bb, apunto.<\/p>\n<p>Y advierte que la situaci\u00f3n es l\u00edmite. \u00abVenimos de las restricciones con problemas de cobranza porque la gente directamente no se acercaba a las guarder\u00edas y ahora sumamos el tema de la bajante\u00bb, destaca y asegura que \u00abno s\u00f3lo tiene un l\u00edmite el uso de las dragas sino tambi\u00e9n el tema de los medios de elevaci\u00f3n, porque llega un punto en que por m\u00e1s que tengas agua, no llegas con los medios hasta el agua\u00bb, explica.<\/p>\n<p><strong>Con viento a favor<\/strong><br \/>\nEn los \u00faltimos a\u00f1os, el parque n\u00e1utico de Rosario no par\u00f3 de crecer. Seg\u00fan c\u00e1lculos de Prefectura, actualmente cuenta con unas 28 mil embarcaciones, de las cuales unas 6.100 son lanchas y otras 7.500 yates que est\u00e1n a resguardo en clubes de r\u00edo y guarder\u00edas.<\/p>\n<p>Jorge Pinilla es un hist\u00f3rico empresario del rubro. El comercio que lleva su apellido y se dedica a la venta de motores, embarcaciones, repuestos y accesorios ya cumpli\u00f3 40 a\u00f1os. El amor por la n\u00e1utica lo hered\u00f3 de su padre, mec\u00e1nico de embarcaciones.<\/p>\n<p>\u00abNac\u00ed en el 50, desde chico trabajando con mi padre, y nunca vi una bajante tan pronunciada y continuada del r\u00edo\u00bb, se\u00f1ala Pinilla antes de analizar\u00a0la situaci\u00f3n del sector del que, de acuerdo a un relevamiento de la C\u00e1mara de Actividades N\u00e1uticas de la provincia, dependen los ingresos de unas 6 mil familias.<\/p>\n<p>A sus ojos, la realidad de la actividad no pinta bien. \u00abAgosto fue el primer mes del a\u00f1o para nosotros, despu\u00e9s de las restricciones impuestas por la pandemia, y la bajante del r\u00edo no est\u00e1 ayudando\u00bb.<\/p>\n<p>Pinilla destaca que el verano pasado mucha gente cambi\u00f3 el presupuesto destinado a vacaciones por la compra de una embarcaci\u00f3n, \u00abpero este verano los costos son m\u00e1s grandes, los veh\u00edculos y los repuestos crecieron a precio d\u00f3lar, y ya la clase media no s\u00f3lo no puede comprar una embarcaci\u00f3n sino tambi\u00e9n mantenerla\u00bb.<\/p>\n<p>El bajo nivel del Paran\u00e1, dice, \u00abmantiene a la mayor\u00eda de las guarder\u00edas inactivas, aunque sus due\u00f1os hacen esfuerzos sobrehumanos para dragar, las embarcaciones no pueden salir. Los barcos que est\u00e1n sobre caletas quedaron pr\u00e1cticamente en seco. Es casi imposible sacarlos, est\u00e1n en medio del barrio y no los podemos tocar porque se rompen\u00bb, describe.<\/p>\n<p>La falta de actividad se siente en los comercios dedicados a la actividad n\u00e1utica. \u00abLos m\u00e1s grandes tienen algo de trabajo. Pero hay gente que est\u00e1 totalmente parada, los que se dedican a la pesca, los mec\u00e1nicos, electricistas, los plastiqueros (quienes trabajan en astilleros) est\u00e1n totalmente parados\u00bb, advierte.<\/p>\n<p><strong>Tambi\u00e9n los clubes<\/strong><br \/>\nLa Uni\u00f3n de Clubes de la Costa es una organizaci\u00f3n, integrada por unos 25 clubes del sur provincial ubicados sobre la ribera. Esta entidad se ocupa de analizar problem\u00e1ticas comunes de estas instituciones, para aportar soluciones de conjunto.<\/p>\n<p>La bajante del Paran\u00e1 es el tema ineludible de las \u00faltimas reuniones. \u00abNo es s\u00f3lo el bajo nivel actual, sino que este fen\u00f3meno contin\u00fae en el tiempo\u00bb, considera Alberto Campagna, presidente de la Uni\u00f3n de Clubes de la Costa, y ex dirigente del club de Regatas Rosario.<\/p>\n<p>La situaci\u00f3n, se\u00f1ala, crea tensi\u00f3n entre las comisiones directivas de los clubes y sus asociados \u00abque exigen m\u00e1s dragado, lo cual tiene un l\u00edmite que es cuando las dragas llegan al nivel de sedimentos\u00bb y se complica la tarea. \u00abNo podemos ir en contra de la naturaleza\u00bb, apunta el directivo.<\/p>\n<p>El pr\u00f3ximo jueves, las autoridades de una veintena de instituciones se reunir\u00e1n para buscar alternativas a este problema. \u00abLa merma de la actividad n\u00e1utica genera una problem\u00e1tica econ\u00f3mica dif\u00edcil para los clubes y los servicios que prestan a las embarcaciones, sobre todo si el fen\u00f3meno se prolonga\u00bb, repite.<\/p>\n<p>La bajante del Paran\u00e1 es la m\u00e1s pronunciada de los \u00faltimos 70 a\u00f1os. Seg\u00fan advierten desde el Instituto Nacional del Agua la normalizaci\u00f3n de las lluvias en la cuenca norte del r\u00edo ayudar\u00eda a mejorar la situaci\u00f3n, pero no se observa ese cambio en los pron\u00f3sticos meteorol\u00f3gicos.<\/p>\n<p>La falta de caudal del r\u00edo marr\u00f3n tiene su impacto en el paisaje, en la fauna ict\u00edcola, en la navegaci\u00f3n comercial y en la producci\u00f3n de agua potable. El uso recreativo del r\u00edo tambi\u00e9n sufre sus consecuencias.<\/p>\n<h6>Fuente: La capital<\/h6>\n","protected":false},"excerpt":{"rendered":"<p>Tras las restricciones que impuso la pandemia, guarder\u00edas, clubes y empresas de servicios siguen sin poder recuperarse<\/p>\n","protected":false},"author":2,"featured_media":117610,"comment_status":"closed","ping_status":"closed","sticky":false,"template":"","format":"standard","meta":{"footnotes":""},"categories":[2],"tags":[10],"class_list":["post-117609","post","type-post","status-publish","format-standard","has-post-thumbnail","hentry","category-informe-municipal","tag-santa-fe"],"_links":{"self":[{"href":"http:\/\/argentinamunicipal.com.ar\/argentina\/wp-json\/wp\/v2\/posts\/117609","targetHints":{"allow":["GET"]}}],"collection":[{"href":"http:\/\/argentinamunicipal.com.ar\/argentina\/wp-json\/wp\/v2\/posts"}],"about":[{"href":"http:\/\/argentinamunicipal.com.ar\/argentina\/wp-json\/wp\/v2\/types\/post"}],"author":[{"embeddable":true,"href":"http:\/\/argentinamunicipal.com.ar\/argentina\/wp-json\/wp\/v2\/users\/2"}],"replies":[{"embeddable":true,"href":"http:\/\/argentinamunicipal.com.ar\/argentina\/wp-json\/wp\/v2\/comments?post=117609"}],"version-history":[{"count":0,"href":"http:\/\/argentinamunicipal.com.ar\/argentina\/wp-json\/wp\/v2\/posts\/117609\/revisions"}],"wp:featuredmedia":[{"embeddable":true,"href":"http:\/\/argentinamunicipal.com.ar\/argentina\/wp-json\/wp\/v2\/media\/117610"}],"wp:attachment":[{"href":"http:\/\/argentinamunicipal.com.ar\/argentina\/wp-json\/wp\/v2\/media?parent=117609"}],"wp:term":[{"taxonomy":"category","embeddable":true,"href":"http:\/\/argentinamunicipal.com.ar\/argentina\/wp-json\/wp\/v2\/categories?post=117609"},{"taxonomy":"post_tag","embeddable":true,"href":"http:\/\/argentinamunicipal.com.ar\/argentina\/wp-json\/wp\/v2\/tags?post=117609"}],"curies":[{"name":"wp","href":"https:\/\/api.w.org\/{rel}","templated":true}]}}