{"id":117996,"date":"2021-08-30T06:28:56","date_gmt":"2021-08-30T09:28:56","guid":{"rendered":"http:\/\/argentinamunicipal.com.ar\/argentina\/?p=117996"},"modified":"2021-08-30T06:28:56","modified_gmt":"2021-08-30T09:28:56","slug":"nunca-se-vio-tanta-quema-advirtio-el-director-de-bomberos-zapadores-de-santa-fe","status":"publish","type":"post","link":"http:\/\/argentinamunicipal.com.ar\/argentina\/nunca-se-vio-tanta-quema-advirtio-el-director-de-bomberos-zapadores-de-santa-fe\/","title":{"rendered":"\u00abNunca se vio tanta quema\u00bb, advirti\u00f3 el director de Bomberos Zapadores de Santa Fe"},"content":{"rendered":"<p>Andr\u00e9s Lastorta se refiri\u00f3 a los incendios forestales que sufren las islas entrerrianas situadas frente a la ciudad de Rosario y a otras de la provincia de Santa Fe, como Villa Constituci\u00f3n, en el marco de la hist\u00f3rica bajante del r\u00edo Paran\u00e1.<\/p>\n<p>El director de Bomberos Zapadores de la provincia de Santa Fe, Andr\u00e9s Lastorta, dijo este domingo que \u00abnunca se vio tanta quema, estamos trabajando a destajo\u00bb, con relaci\u00f3n a los incendios forestales que sufren las islas entrerrianas situadas frente a la ciudad de Rosario y a otras de la provincia de Santa Fe como Villa Constituci\u00f3n, situada a 60 kil\u00f3metros al sur de Rosario, en el marco de la hist\u00f3rica bajante del r\u00edo Paran\u00e1.<\/p>\n<p>\u00abAdem\u00e1s de la quema en las islas en la regi\u00f3n, con el cambio de viento llega tambi\u00e9n el humo de los incendios en la zona de Ramallo, de San Nicol\u00e1s\u00bb, en el norte de la provincia de Buenos Aires,\u00a0manifest\u00f3 el director provincial de Bomberos Zapadores a la emisora rosarina Radio Dos.<\/p>\n<p>Lastorta abund\u00f3 que\u00a0\u00ablas brigadas forestales de Santa Fe est\u00e1n trabajando a destajo,\u00a0ya que desde Villa Constituci\u00f3n los helic\u00f3pteros est\u00e1n yendo y viniendo a apagar incendios\u00bb.<\/p>\n<p>Advirti\u00f3 que\u00a0\u00abesto se debe a la sequ\u00eda y a la gente que prende fuego sin tomar dimensi\u00f3n del da\u00f1o\u00a0que est\u00e1 generando al ambiente y a las personas. De los a\u00f1os que estoy en Rosario, jam\u00e1s vi algo similar\u00bb.<\/p>\n<p>En este sentido, el director del Taller Ecologista de Rosario, el periodista Sergio Rinaldi, inform\u00f3 en la emisora rosarina LT8 que \u00aba la bajante hist\u00f3rica del r\u00edo Paran\u00e1 se suma la gran sequ\u00eda en la regi\u00f3n, que provoca que en las islas haya mucho material combustible, que se enciende con cualquier chispa, m\u00e1s all\u00e1 de los irresponsables que encienden fuego\u00bb.<\/p>\n<p>Rinaldi anticip\u00f3 que\u00a0\u00ablas noticias no son buenas: en los dos \u00faltimos veranos tuvimos una gran sequ\u00eda y ahora hay un 70 por ciento de posibilidades de que llegue La Ni\u00f1a, que provocar\u00eda m\u00e1s sequ\u00eda\u00bb.<\/p>\n<p>En tanto, a ra\u00edz de las quemas de pastizales, el da\u00f1o al ambiente y el humo en Rosario, la Multisectorial por los Humedales (MH) volver\u00e1 a cortar este domingo a las 15 el puente a Victoria.<\/p>\n<p>Los organizadores piden respetar \u00abel distanciamiento y uso obligatorio de barbijo\u00bb, en una medida que ya realizaron el a\u00f1o pasado en reclamo del tratamiento de una ley de humedales.<\/p>\n<h6>Fuente: Telam<\/h6>\n","protected":false},"excerpt":{"rendered":"<p>Andr\u00e9s Lastorta se refiri\u00f3 a los incendios forestales que sufren las islas entrerrianas situadas frente a la ciudad de Rosario y a otras de la provincia de Santa Fe, como Villa Constituci\u00f3n, en el marco de la hist\u00f3rica bajante del r\u00edo Paran\u00e1.<\/p>\n","protected":false},"author":2,"featured_media":117997,"comment_status":"closed","ping_status":"closed","sticky":false,"template":"","format":"standard","meta":{"footnotes":""},"categories":[2],"tags":[10],"class_list":["post-117996","post","type-post","status-publish","format-standard","has-post-thumbnail","hentry","category-informe-municipal","tag-santa-fe"],"_links":{"self":[{"href":"http:\/\/argentinamunicipal.com.ar\/argentina\/wp-json\/wp\/v2\/posts\/117996","targetHints":{"allow":["GET"]}}],"collection":[{"href":"http:\/\/argentinamunicipal.com.ar\/argentina\/wp-json\/wp\/v2\/posts"}],"about":[{"href":"http:\/\/argentinamunicipal.com.ar\/argentina\/wp-json\/wp\/v2\/types\/post"}],"author":[{"embeddable":true,"href":"http:\/\/argentinamunicipal.com.ar\/argentina\/wp-json\/wp\/v2\/users\/2"}],"replies":[{"embeddable":true,"href":"http:\/\/argentinamunicipal.com.ar\/argentina\/wp-json\/wp\/v2\/comments?post=117996"}],"version-history":[{"count":0,"href":"http:\/\/argentinamunicipal.com.ar\/argentina\/wp-json\/wp\/v2\/posts\/117996\/revisions"}],"wp:featuredmedia":[{"embeddable":true,"href":"http:\/\/argentinamunicipal.com.ar\/argentina\/wp-json\/wp\/v2\/media\/117997"}],"wp:attachment":[{"href":"http:\/\/argentinamunicipal.com.ar\/argentina\/wp-json\/wp\/v2\/media?parent=117996"}],"wp:term":[{"taxonomy":"category","embeddable":true,"href":"http:\/\/argentinamunicipal.com.ar\/argentina\/wp-json\/wp\/v2\/categories?post=117996"},{"taxonomy":"post_tag","embeddable":true,"href":"http:\/\/argentinamunicipal.com.ar\/argentina\/wp-json\/wp\/v2\/tags?post=117996"}],"curies":[{"name":"wp","href":"https:\/\/api.w.org\/{rel}","templated":true}]}}