{"id":118037,"date":"2021-08-31T04:07:12","date_gmt":"2021-08-31T07:07:12","guid":{"rendered":"http:\/\/argentinamunicipal.com.ar\/argentina\/?p=118037"},"modified":"2021-08-31T06:24:36","modified_gmt":"2021-08-31T09:24:36","slug":"rosario-avanza-la-obra-de-urbanizacion-de-barrio-banana","status":"publish","type":"post","link":"http:\/\/argentinamunicipal.com.ar\/argentina\/rosario-avanza-la-obra-de-urbanizacion-de-barrio-banana\/","title":{"rendered":"Rosario: Avanza la obra de urbanizaci\u00f3n de barrio Banana"},"content":{"rendered":"<p>Junto a integrantes del gabinete, el intendente Pablo Javkin observ\u00f3 el progreso de los trabajos y visit\u00f3 instituciones de la zona. Tambi\u00e9n dialog\u00f3 con vecinas y vecinos.<\/p>\n<p>El intendente de Rosario, Pablo Javkin, recorri\u00f3 un sector de barrio Banana donde se est\u00e1n llevando a cabo obras correspondientes a la primera etapa del plan de urbanizaci\u00f3n que incluye la relocalizaci\u00f3n de familias para permitir la apertura de varias calles.<\/p>\n<p>Durante la recorrida, Javkin se\u00f1al\u00f3: \u201cEstamos en Villa Banana, pronto a ser llamada Barrio Banana; visitamos una experiencia de producci\u00f3n que se llama Bella Villa Banana, que es lo que queremos que sea esta zona\u201d, a la par que destac\u00f3, en relaci\u00f3n a la intervenci\u00f3n en marcha: \u201cComenzamos con la apertura de calle G\u00e1lvez, y es la que inicia la brecha del cambio en Banana con pavimento a nivel definitivo y todos los servicios, lo mismo se har\u00e1 con todas las transversales y tambi\u00e9n sobre Virasoro y Amen\u00e1bar y sobre cada uno de los pasillos, con la acometida de todos los servicios\u201d.<\/p>\n<p>Leer tambi\u00e9n:\u00a0Con un decreto, Javkin disolvi\u00f3 la Guardia Urbana Municipal<br \/>\n\u201cEs el cambio m\u00e1s importante con la urbanizaci\u00f3n en much\u00edsimo tiempo, se empez\u00f3 a gestionar en el a\u00f1o 2018 y ahora nos toca iniciar y verla avanzar, es una obra que va desde Servando Bayo y 27 de Febrero hasta Avellaneda y Rueda. En ese recuadro no hab\u00eda calles, hab\u00eda 92 pasillos\u00bb, rememor\u00f3, y agreg\u00f3: \u00abEs una transformaci\u00f3n integral del barrio, donde todos van a tener asfalto y cord\u00f3n cuneta en 26 cuadras, y veredas, cloacas, red de agua y luz segura\u00a0en todas las cuadras que no la tienen\u201d.<\/p>\n<p>\u201cBella Villa Banana le pusieron las chicas a su emprendimiento\u00bb, subray\u00f3 Javkin, para luego poner en valor la obra que lleva adelante el Municipio: \u00abNosotros estamos ac\u00e1 haciendo eso, que Banana sea un barrio, un barrio bello, y que tengan todos los servicios y la dignidad que una ciudad tiene que darles a quienes viven en ella\u201d.<\/p>\n<h6>Fuente: Sin Mordaza<\/h6>\n","protected":false},"excerpt":{"rendered":"<p>Junto a integrantes del gabinete, el intendente Pablo Javkin observ\u00f3 el progreso de los trabajos y visit\u00f3 instituciones de la zona. Tambi\u00e9n dialog\u00f3 con vecinas y vecinos.<\/p>\n","protected":false},"author":2,"featured_media":118038,"comment_status":"closed","ping_status":"closed","sticky":false,"template":"","format":"standard","meta":{"footnotes":""},"categories":[2],"tags":[10],"class_list":["post-118037","post","type-post","status-publish","format-standard","has-post-thumbnail","hentry","category-informe-municipal","tag-santa-fe"],"_links":{"self":[{"href":"http:\/\/argentinamunicipal.com.ar\/argentina\/wp-json\/wp\/v2\/posts\/118037","targetHints":{"allow":["GET"]}}],"collection":[{"href":"http:\/\/argentinamunicipal.com.ar\/argentina\/wp-json\/wp\/v2\/posts"}],"about":[{"href":"http:\/\/argentinamunicipal.com.ar\/argentina\/wp-json\/wp\/v2\/types\/post"}],"author":[{"embeddable":true,"href":"http:\/\/argentinamunicipal.com.ar\/argentina\/wp-json\/wp\/v2\/users\/2"}],"replies":[{"embeddable":true,"href":"http:\/\/argentinamunicipal.com.ar\/argentina\/wp-json\/wp\/v2\/comments?post=118037"}],"version-history":[{"count":0,"href":"http:\/\/argentinamunicipal.com.ar\/argentina\/wp-json\/wp\/v2\/posts\/118037\/revisions"}],"wp:featuredmedia":[{"embeddable":true,"href":"http:\/\/argentinamunicipal.com.ar\/argentina\/wp-json\/wp\/v2\/media\/118038"}],"wp:attachment":[{"href":"http:\/\/argentinamunicipal.com.ar\/argentina\/wp-json\/wp\/v2\/media?parent=118037"}],"wp:term":[{"taxonomy":"category","embeddable":true,"href":"http:\/\/argentinamunicipal.com.ar\/argentina\/wp-json\/wp\/v2\/categories?post=118037"},{"taxonomy":"post_tag","embeddable":true,"href":"http:\/\/argentinamunicipal.com.ar\/argentina\/wp-json\/wp\/v2\/tags?post=118037"}],"curies":[{"name":"wp","href":"https:\/\/api.w.org\/{rel}","templated":true}]}}