{"id":118166,"date":"2021-09-03T05:04:22","date_gmt":"2021-09-03T08:04:22","guid":{"rendered":"http:\/\/argentinamunicipal.com.ar\/argentina\/?p=118166"},"modified":"2021-09-02T19:06:50","modified_gmt":"2021-09-02T22:06:50","slug":"paso-2021-en-santa-fe-que-se-vota-en-estas-elecciones","status":"publish","type":"post","link":"http:\/\/argentinamunicipal.com.ar\/argentina\/paso-2021-en-santa-fe-que-se-vota-en-estas-elecciones\/","title":{"rendered":"PASO 2021 en Santa Fe: qu\u00e9 se vota en estas elecciones"},"content":{"rendered":"<p>Las Primarias Abiertas, Simult\u00e1neas y Obligatorias (PASO) en la provincia de Santa Fe son el 12 de septiembre. Ese d\u00eda se definir\u00e1n los candidatos que en las generales del 14 de noviembre competir\u00e1n en la carrera hacia el Congreso Nacional por las 9 bancas en la C\u00e1mara de Diputados y por 3 bancas en la C\u00e1mara de Senadores de ese distrito que se renuevan este a\u00f1o. Tambi\u00e9n habr\u00e1 elecciones locales.<\/p>\n<p>El\u00a0padr\u00f3n electoral\u00a0cordob\u00e9s tiene registrados 2.768.525 personas habilitadas para votar distribuidas en 8.192 mesas. El horario de votaci\u00f3n es de 8 a 18.<\/p>\n<p>En el cuarto oscuro en Santa Fe habr\u00e1 22 listas de precandidatos para la C\u00e1mara de Senadores y 23 para Diputados en trece frentes. Habr\u00e1 internas en seis espacios pol\u00edticos y siete ir\u00e1n con lista \u00fanica\u00a0 buscando superar el 1,5 por ciento de los votos del padr\u00f3n para llegar a las generales del 14 de noviembre.<\/p>\n<p>Los santafesinos tambi\u00e9n deber\u00e1n elegir legisladores a nivel local. Se definir\u00e1n 14 intendentes; 210 concejales; 306 presidentes comunales y 1.214 miembros comunales.<\/p>\n<p>Los primero n\u00fameros se conocer\u00e1n a partir de las 21, una vez cumplidas tres horas del horario de cierre de la votaci\u00f3n, aunque habr\u00e1 que esperar m\u00e1s tiempo para conocer las tendencias definitivas.<\/p>\n<h6>Fuente: P\u00e1gina 12<\/h6>\n","protected":false},"excerpt":{"rendered":"<p>Las Primarias Abiertas, Simult\u00e1neas y Obligatorias (PASO) en la provincia de Santa Fe son el 12 de septiembre. Ese d\u00eda se definir\u00e1n los candidatos que en las generales del 14 de noviembre competir\u00e1n en la carrera hacia el Congreso Nacional<\/p>\n","protected":false},"author":2,"featured_media":118167,"comment_status":"closed","ping_status":"closed","sticky":false,"template":"","format":"standard","meta":{"footnotes":""},"categories":[65],"tags":[10],"class_list":["post-118166","post","type-post","status-publish","format-standard","has-post-thumbnail","hentry","category-provincias","tag-santa-fe"],"_links":{"self":[{"href":"http:\/\/argentinamunicipal.com.ar\/argentina\/wp-json\/wp\/v2\/posts\/118166","targetHints":{"allow":["GET"]}}],"collection":[{"href":"http:\/\/argentinamunicipal.com.ar\/argentina\/wp-json\/wp\/v2\/posts"}],"about":[{"href":"http:\/\/argentinamunicipal.com.ar\/argentina\/wp-json\/wp\/v2\/types\/post"}],"author":[{"embeddable":true,"href":"http:\/\/argentinamunicipal.com.ar\/argentina\/wp-json\/wp\/v2\/users\/2"}],"replies":[{"embeddable":true,"href":"http:\/\/argentinamunicipal.com.ar\/argentina\/wp-json\/wp\/v2\/comments?post=118166"}],"version-history":[{"count":0,"href":"http:\/\/argentinamunicipal.com.ar\/argentina\/wp-json\/wp\/v2\/posts\/118166\/revisions"}],"wp:featuredmedia":[{"embeddable":true,"href":"http:\/\/argentinamunicipal.com.ar\/argentina\/wp-json\/wp\/v2\/media\/118167"}],"wp:attachment":[{"href":"http:\/\/argentinamunicipal.com.ar\/argentina\/wp-json\/wp\/v2\/media?parent=118166"}],"wp:term":[{"taxonomy":"category","embeddable":true,"href":"http:\/\/argentinamunicipal.com.ar\/argentina\/wp-json\/wp\/v2\/categories?post=118166"},{"taxonomy":"post_tag","embeddable":true,"href":"http:\/\/argentinamunicipal.com.ar\/argentina\/wp-json\/wp\/v2\/tags?post=118166"}],"curies":[{"name":"wp","href":"https:\/\/api.w.org\/{rel}","templated":true}]}}