{"id":118338,"date":"2021-09-09T05:22:49","date_gmt":"2021-09-09T08:22:49","guid":{"rendered":"http:\/\/argentinamunicipal.com.ar\/argentina\/?p=118338"},"modified":"2021-09-08T19:25:33","modified_gmt":"2021-09-08T22:25:33","slug":"el-gobierno-de-santa-fe-creara-un-observatorio-de-precios-para-dar-pelea-a-la-inflacion","status":"publish","type":"post","link":"http:\/\/argentinamunicipal.com.ar\/argentina\/el-gobierno-de-santa-fe-creara-un-observatorio-de-precios-para-dar-pelea-a-la-inflacion\/","title":{"rendered":"El gobierno de Santa Fe crear\u00e1 un Observatorio de Precios para dar pelea a la inflaci\u00f3n"},"content":{"rendered":"<p>Con los datos que aporta el programa Billetera Santa Fe, buscan armar una herramienta que permita conocer c\u00f3mo se forma el precio de un producto<\/p>\n<p>La provincia trabaja en la puesta en funcionamiento de un Observatorio de Precios, iniciativa que le permitir\u00e1 contar con un testeo m\u00e1s cercano de la evoluci\u00f3n de los valores de los productos de bienes y servicios, en un contexto donde las referencias se convierten en un elemento clave para frenar la escalada inflacionaria.<br \/>\nEn esa idea est\u00e1 trabajando la Secretar\u00eda de Comercio Interior que conduce Juan Marcos Aviano, quien adem\u00e1s se\u00f1al\u00f3 que trabajan en un\u00a0sello de marca \u201cHecho en Santa Fe\u201d, que potencia la producci\u00f3n regional.<\/p>\n<p>\u201cAhondamos sobre el Observatorio de Precios que queremos organizar desde el Ministerio para conocer los distintos eslabones de la cadena, sus costos y los productos que se elaboran en la provincia\u201d, precis\u00f3 Aviano.<\/p>\n<p>Estas iniciativas surgen como una instancia que viene a\u00a0complementar la exitosa estrategia oficial de\u00a0Billetera Santa Fe,\u00a0que logr\u00f3 una amplia adhesi\u00f3n de los consumidores y que se transform\u00f3 en una herramienta virtuosa para incentivar la actividad econ\u00f3mica, ya que fue instrumentada como un subsidio hacia la demanda, y no hacia la oferta como tradicionalmente se utilizaban las asistencias.<\/p>\n<p>Por otra parte, Billetera Santa Fe le permite al gobierno santafesino contar con informaci\u00f3n clave para desarrollar pol\u00edticas p\u00fablicas. As\u00ed lo confirm\u00f3 hace algunas semanas en di\u00e1logo con La Capital el ministro de la Producci\u00f3n de Santa Fe, Daniel Costamagna, quien indic\u00f3 que este programa \u201cnos brinda una impresionante cantidad de datos y nos permite tener un mapa interactivo con los comercios adheridos en todo el territorio provincial\u00a0y a partir de eso se llevan estudios estad\u00edsticos donde se monitorean montos, cantidad de usuarios, cantidad de transacciones, comercios adheridos y su ubicaci\u00f3n\u201d.<\/p>\n<p>De ese modo,\u00a0\u201cesto posibilita generar pol\u00edticas a partir de esta informaci\u00f3n\u201d,\u00a0agreg\u00f3 en ese momento el ministro.<\/p>\n<p>En ese camino, Aviano se reuni\u00f3 esta semana con la Sociedad de Carniceros y la Asociaci\u00f3n de Industriales Panaderos de Rosario, con el objetivo de ejecutar en forma articulada acciones para expandir los beneficios de Billetera Santa Fe a nuevas bocas de venta minorista del rubro alimentos.<\/p>\n<p>Aviano\u00a0visit\u00f3 la Sociedad de Carniceros de Rosario\u00a0y se reuni\u00f3 con su presidente, Jos\u00e9 Garc\u00eda, y otras autoridades de la instituci\u00f3n y al respecto indic\u00f3 que \u201clos temas abordados est\u00e1n vinculados con el conjunto de medidas que el gobierno provincial a trav\u00e9s del Ministerio de Producci\u00f3n, Ciencia y Tecnolog\u00eda viene llevando adelante, los cuales tienen que ver con la cadena de producci\u00f3n, industrializaci\u00f3n y comercio de art\u00edculos de primera necesidad\u201d.<\/p>\n<p>\u201cEn el caso de la Sociedad de Carniceros abordamos la utilizaci\u00f3n de Billetera Santa Fe en el sector, con el objetivo de democratizar la oferta lo mejor posible\u201d,\u00a0dijo Aviano y plante\u00f3 que tomaron la iniciativa de llevar adelante \u201cuna acci\u00f3n puntual de promoci\u00f3n para que, aquellos carniceros que a\u00fan no utilicen esta herramienta, puedan sumarse\u201d.<\/p>\n<p>La agenda de trabajo incluy\u00f3 una reuni\u00f3n con las autoridades de la\u00a0Asociaci\u00f3n de Industriales Panaderos de Rosario. \u201cTrabajamos en conjunto en una propuesta que tiene como objetivo desarrollar proveedores para los panaderos asociados, a fin de dise\u00f1ar una ronda de negocios que incluya a los proveedores de insumos\u201d, indic\u00f3 Aviano y precis\u00f3 que el trabajo consiste \u201cen abordar varios t\u00f3picos con la asociaci\u00f3n industrial de panaderos\u201d.<\/p>\n<p>\u201cVamos a acompa\u00f1arlos en la escuela de panader\u00eda que est\u00e1n desarrollando en su nuevo local, porque entendemos que hacen a la producci\u00f3n, al comercio y tambi\u00e9n al empleo en un sector que genera puestos de trabajo y esas son las pol\u00edticas que buscamos desarrollar\u201d, finaliz\u00f3 Aviano.<\/p>\n<h6>Fuente: La Capital<\/h6>\n","protected":false},"excerpt":{"rendered":"<p>Con los datos que aporta el programa Billetera Santa Fe, buscan armar una herramienta que permita conocer c\u00f3mo se forma el precio de un producto<\/p>\n","protected":false},"author":2,"featured_media":118339,"comment_status":"closed","ping_status":"closed","sticky":false,"template":"","format":"standard","meta":{"footnotes":""},"categories":[65],"tags":[10],"class_list":["post-118338","post","type-post","status-publish","format-standard","has-post-thumbnail","hentry","category-provincias","tag-santa-fe"],"_links":{"self":[{"href":"http:\/\/argentinamunicipal.com.ar\/argentina\/wp-json\/wp\/v2\/posts\/118338","targetHints":{"allow":["GET"]}}],"collection":[{"href":"http:\/\/argentinamunicipal.com.ar\/argentina\/wp-json\/wp\/v2\/posts"}],"about":[{"href":"http:\/\/argentinamunicipal.com.ar\/argentina\/wp-json\/wp\/v2\/types\/post"}],"author":[{"embeddable":true,"href":"http:\/\/argentinamunicipal.com.ar\/argentina\/wp-json\/wp\/v2\/users\/2"}],"replies":[{"embeddable":true,"href":"http:\/\/argentinamunicipal.com.ar\/argentina\/wp-json\/wp\/v2\/comments?post=118338"}],"version-history":[{"count":0,"href":"http:\/\/argentinamunicipal.com.ar\/argentina\/wp-json\/wp\/v2\/posts\/118338\/revisions"}],"wp:featuredmedia":[{"embeddable":true,"href":"http:\/\/argentinamunicipal.com.ar\/argentina\/wp-json\/wp\/v2\/media\/118339"}],"wp:attachment":[{"href":"http:\/\/argentinamunicipal.com.ar\/argentina\/wp-json\/wp\/v2\/media?parent=118338"}],"wp:term":[{"taxonomy":"category","embeddable":true,"href":"http:\/\/argentinamunicipal.com.ar\/argentina\/wp-json\/wp\/v2\/categories?post=118338"},{"taxonomy":"post_tag","embeddable":true,"href":"http:\/\/argentinamunicipal.com.ar\/argentina\/wp-json\/wp\/v2\/tags?post=118338"}],"curies":[{"name":"wp","href":"https:\/\/api.w.org\/{rel}","templated":true}]}}