{"id":118483,"date":"2021-09-15T05:01:44","date_gmt":"2021-09-15T08:01:44","guid":{"rendered":"http:\/\/argentinamunicipal.com.ar\/argentina\/?p=118483"},"modified":"2021-09-14T20:04:26","modified_gmt":"2021-09-14T23:04:26","slug":"lanzan-en-santa-fe-una-plataforma-para-vincular-a-una-comunidad-de-empresas-con-todo-el-mundo","status":"publish","type":"post","link":"http:\/\/argentinamunicipal.com.ar\/argentina\/lanzan-en-santa-fe-una-plataforma-para-vincular-a-una-comunidad-de-empresas-con-todo-el-mundo\/","title":{"rendered":"Lanzan en Santa Fe una plataforma para vincular\u00a0a una comunidad de empresas con todo el mundo"},"content":{"rendered":"<p>Se trata de \u00abColaboring\u00bb, que re\u00fane las comunidades de empresas pymes y entidades p\u00fablicas y privadas de Santa Fe y de la regi\u00f3n de Catalunya, que se podr\u00e1n vincular con todo el mundo para ofrecer servicios o simplemente buscar un profesional para cubrir una necesidad.<\/p>\n<p>En el Ministerio de Producci\u00f3n del Gobierno de Santa Fe se realizar\u00e1 este mi\u00e9rcoles a las 13 el lanzamiento de una nueva plataforma con la red m\u00e1s grande del mundo de empresas y profesionales. Se trata de \u201cColaboring\u201d, que re\u00fane a dos comunidades empresarias, una de empresas pymes y entidades p\u00fablicas y privadas de la provincia de Santa Fe, y otra de la regi\u00f3n de Catalunya, que se podr\u00e1n vincular de modo \u00e1gil e inteligente con todo el mundo, para ofrecer servicios, mostrar trabajos o simplemente buscar un profesional para cubrir una necesidad.<br \/>\nConsiste en una red donde cada nodo es un profesional o una empresa que se encuentra en conexi\u00f3n directa con todos sus intereses o posibilitantes que mejoren su futuro. Ofrece servicios de e-commerce internacional para potenciar la exportaci\u00f3n e importaci\u00f3n, a trav\u00e9s de transacciones con las \u00faltimas tecnolog\u00edas de inteligencia artificial.<\/p>\n<p>Andr\u00e9s Romero Jones, director de Proyectos de Apyme (Asociaci\u00f3n de Peque\u00f1as y Medianas Empresas), explic\u00f3 que \u201cvenimos trabajando desde hace varios a\u00f1os en la profesionalizaci\u00f3n de cada entramado productivo de nuestra provincia y la regi\u00f3n litoral, y ahora vamos a lanzar una plataforma de e-commerce internacional\u201d.<\/p>\n<p>Destac\u00f3 que \u201cno s\u00f3lo va a potenciar este trabajo, sino que tambi\u00e9n nos va a vincular con nuestro gran socio estrat\u00e9gico en Catalunya que es Pimec, una confederaci\u00f3n de micro, peque\u00f1as y medianas empresas y aut\u00f3nomos\u201d.<\/p>\n<p>Jones agradeci\u00f3 el apoyo del Ministerio de Producci\u00f3n del Gobierno de la provincia de Santa Fe, y la cooperaci\u00f3n de las Secretar\u00edas de Ciencia y Tecnolog\u00eda, y la de Desarrollo Territorial y Arraigo, y resalt\u00f3 que Colaboring \u201ces una comunidad de empresas pymes santafesinas y catalanas, que se van a vincular entre ellas de modo inteligente, para hacer negocios y transacciones entre empresas\u201d.<\/p>\n<p>Indic\u00f3 que esta nueva plataforma \u201cagilizar\u00e1 las relaciones, la provisi\u00f3n de servicios y la demanda de productos, con tecnolog\u00eda de punta para que nuestras pymes se potencien a nivel mundial\u201d.<\/p>\n<p>Destac\u00f3 que \u201cen ese entramado de empresas productivas pymes es donde empieza a crecer esta plataforma como espacio de encuentro, que ir\u00e1 creciendo a medida que vaya evolucionando, no solo en lo que es mesas y rondas de negocios, u ofreciendo servicios y productos, sino tambi\u00e9n en la transferencia de conocimientos\u201d.<\/p>\n<p><strong>Acto de presentaci\u00f3n<\/strong><br \/>\nEl lanzamiento se realizar\u00e1 desde el sal\u00f3n Amarillo del Ministerio de Producci\u00f3n en Santa Fe y desde el Consulado Argentino en Barcelona. Adem\u00e1s de las disertaciones, habr\u00e1 una demostraci\u00f3n de c\u00f3mo funciona la plataforma, as\u00ed como la presentaci\u00f3n de tres casos de \u00e9xito.<\/p>\n<p>Las disertaciones estar\u00e1n a cargo\u00a0Mario Galizzi, vicepresidente de Apyme y s\u00edndico de la Agencia para el Desarrollo (Ader);\u00a0Nicol\u00e1s Cabo, presidente de la Agencia para el Desarrollo (Ader),\u00a0Jacint Solear Matutes, director de Relaciones Internacionales y vicero internacional de Pimec;\u00a0Daniel Altina, secretario de Extensi\u00f3n Universitaria Tecnol\u00f3gica Naiconal;\u00a0Fabricio Medina, secretario de Desarrollo Territorial y Arraigo del ministerio de Producci\u00f3n, Ciencia y Tecnolog\u00eda;\u00a0Marina Baima, secretar\u00eda de Ciencia y Tecnolog\u00eda, y\u00a0Carolina Bustos, c\u00f3nsul general adjunto y por el Centro de Producci\u00f3n de la Rep\u00fablica Argentina en Barcelona.<\/p>\n<p><strong>Antecedentes de la red<\/strong><br \/>\nEn un video de Colaboring se destacan los fundamentos que dieron origen a esta plataforma. \u201cEl mundo ha cambiado y seguir\u00e1 en movimiento gracias al avance tecnol\u00f3gico. Las formas de trabajo finalmente se han flexibilizado, teniendo como lo m\u00e1s importante el manejo de informaci\u00f3n y de experiencia. La multiculturalidad el trabajo colectivo y remoto son las formas que han crecido en los \u00faltimos meses.<\/p>\n<p>\u201cLa tecnolog\u00eda -destaca- ya hace tiempo que nos da posibilidades de estar en cualquier lado y saber tambi\u00e9n qu\u00e9 hacen nuestros influenciadores cada d\u00eda. Pero muchas personas no usan esa tecnolog\u00eda como para potenciar su parte comercial o sus posibilidades laborales\u201d.<\/p>\n<p>Por eso, explica: \u201cSalimos al mundo a observarlo. No existe una plataforma donde est\u00e9n todos, donde podamos ofrecer nuestro servicio o mostrar nuestro trabajo, o buscar simplemente un profesional o una empresa para cubrir nuestras necesidades y una comunidad que se valide autom\u00e1ticamente\u201d.<\/p>\n<p>\u201cAs\u00ed nace Colaboring, una comunidad de empresas y profesionales donde todo el mundo est\u00e1 al alcance de la mano, basados en la efectividad y la confianza y la innovaci\u00f3n. En ella trabaja un equipo multidisciplinario con profesionales de todos los rubros: ingenier\u00eda, marketing, administraci\u00f3n y dise\u00f1adores, que dan una mirada amplia y hol\u00edstica del mundo del presente, para crear el mundo del ma\u00f1ana, desde la \u00e9tica la confianza y la igualdad de posibilidades. Porque existe una nueva forma de trabajo\u201d.<\/p>\n<h6>Fuente: La Capital<\/h6>\n","protected":false},"excerpt":{"rendered":"<p>Se trata de \u00abColaboring\u00bb, que re\u00fane las comunidades de empresas pymes y entidades p\u00fablicas y privadas de Santa Fe y de la regi\u00f3n de Catalunya, que se podr\u00e1n vincular con todo el mundo para ofrecer servicios o simplemente buscar un profesional para cubrir una necesidad.<\/p>\n","protected":false},"author":2,"featured_media":118484,"comment_status":"closed","ping_status":"closed","sticky":false,"template":"","format":"standard","meta":{"footnotes":""},"categories":[65],"tags":[10],"class_list":["post-118483","post","type-post","status-publish","format-standard","has-post-thumbnail","hentry","category-provincias","tag-santa-fe"],"_links":{"self":[{"href":"http:\/\/argentinamunicipal.com.ar\/argentina\/wp-json\/wp\/v2\/posts\/118483","targetHints":{"allow":["GET"]}}],"collection":[{"href":"http:\/\/argentinamunicipal.com.ar\/argentina\/wp-json\/wp\/v2\/posts"}],"about":[{"href":"http:\/\/argentinamunicipal.com.ar\/argentina\/wp-json\/wp\/v2\/types\/post"}],"author":[{"embeddable":true,"href":"http:\/\/argentinamunicipal.com.ar\/argentina\/wp-json\/wp\/v2\/users\/2"}],"replies":[{"embeddable":true,"href":"http:\/\/argentinamunicipal.com.ar\/argentina\/wp-json\/wp\/v2\/comments?post=118483"}],"version-history":[{"count":0,"href":"http:\/\/argentinamunicipal.com.ar\/argentina\/wp-json\/wp\/v2\/posts\/118483\/revisions"}],"wp:featuredmedia":[{"embeddable":true,"href":"http:\/\/argentinamunicipal.com.ar\/argentina\/wp-json\/wp\/v2\/media\/118484"}],"wp:attachment":[{"href":"http:\/\/argentinamunicipal.com.ar\/argentina\/wp-json\/wp\/v2\/media?parent=118483"}],"wp:term":[{"taxonomy":"category","embeddable":true,"href":"http:\/\/argentinamunicipal.com.ar\/argentina\/wp-json\/wp\/v2\/categories?post=118483"},{"taxonomy":"post_tag","embeddable":true,"href":"http:\/\/argentinamunicipal.com.ar\/argentina\/wp-json\/wp\/v2\/tags?post=118483"}],"curies":[{"name":"wp","href":"https:\/\/api.w.org\/{rel}","templated":true}]}}