{"id":11862,"date":"2014-07-19T10:51:04","date_gmt":"2014-07-19T13:51:04","guid":{"rendered":"http:\/\/argentinamunicipal.com.ar\/argentina\/?p=11862"},"modified":"2014-07-19T10:51:04","modified_gmt":"2014-07-19T13:51:04","slug":"intendentes-de-rio-negro-dieron-a-conocer-su-documento","status":"publish","type":"post","link":"http:\/\/argentinamunicipal.com.ar\/argentina\/intendentes-de-rio-negro-dieron-a-conocer-su-documento\/","title":{"rendered":"Intendentes de R\u00edo Negro dieron a conocer su documento"},"content":{"rendered":"<p><a href=\"http:\/\/argentinamunicipal.com.ar\/argentina\/wp-content\/uploads\/2014\/07\/10458651_729236753789539_6496361410221311904_n-640x480.jpg\"><img loading=\"lazy\" decoding=\"async\" class=\"aligncenter size-full wp-image-11863\" src=\"http:\/\/argentinamunicipal.com.ar\/argentina\/wp-content\/uploads\/2014\/07\/10458651_729236753789539_6496361410221311904_n-640x480.jpg\" alt=\"10458651_729236753789539_6496361410221311904_n-640x480\" width=\"640\" height=\"480\" srcset=\"http:\/\/argentinamunicipal.com.ar\/argentina\/wp-content\/uploads\/2014\/07\/10458651_729236753789539_6496361410221311904_n-640x480.jpg 640w, http:\/\/argentinamunicipal.com.ar\/argentina\/wp-content\/uploads\/2014\/07\/10458651_729236753789539_6496361410221311904_n-640x480-300x225.jpg 300w\" sizes=\"auto, (max-width: 640px) 100vw, 640px\" \/><\/a><\/p>\n<p>La liga de Intendentes Justicialistas de Rio Negro se re\u00fane en Las Grutas, con las presencias de:<\/p>\n<p>Martin Soria (Presidente), Juan Reggione (Secretario Ejecutivo), Pedro Dantas (Campo Grande), Gilberto Montanaro (Cervantes), Liliana Alvarado (Cinco Saltos), David Mendoza (Gral. Belisle), Alberto Pacenti (Chichinales), Gerardo Bravo (Chimpay), Daniel Belloso (Choele Choel), Ricardo Garc\u00eda (El Bols\u00f3n), Alejandra Mas (General Conesa), Luis Ivancich (Gral. E. Godoy), Miguel Demasi (Guardia Mitre), Mario del Carpio (Ing. Jacobacci), Miguel Petricio (Mainque), N\u00e9stor Ayuelef (Pilcaniyeu), Mar\u00eda Maldonado (Pomona), Carlos Pilotti (Rio Colorado), Javier Iud (San Antonio Oeste), Mar\u00eda Eugenia Martini (S.C. de Bariloche), Fabi\u00e1n Pilquinao (Sierra Colorada), Renzo Tamburrini (Sierra Grande), Sergio Hernandez (Lamarque) y Luis Albrieu (Villa Regina), estuvieron presentes el Senador Miguel Pichetto y Legisladores Provinciales, para abordar los siguientes temas:<br \/>\nCuesti\u00f3n Partidaria: la totalidad de los presentes expresan su adhesi\u00f3n a lo resuelto por el Concejo Partidario, en ese sentido avalan el trabajo y la postura de los Legisladores en la b\u00fasqueda de mecanismos que garanticen las inversiones como condici\u00f3n primordial para renovar el contrato con Petrobras, como as\u00ed tambi\u00e9n se atiendan las cuestiones t\u00e9cnicas requeridas por las diferentes instancias legislativas.<\/p>\n<p>En el plano institucional los Intendentes acuerdan en solicitar una audiencia con el Ministro de Educaci\u00f3n Prof. Marcelo Mango, con el prop\u00f3sito de evaluar la marcha de los diferentes convenios vinculados a esa \u00e1rea de gobierno.<\/p>\n<p>En lo relacionado a la problem\u00e1tica social coinciden en la necesidad de mantener un encuentro con el Ministro de Desarrollo Social Ricardo Arroyo a los efectos de plantear las diferentes realidades sociales de los Municipios, poniendo especial \u00e9nfasis en la situaci\u00f3n que atraviesa la Ciudad de San Carlos de Bariloche cuyo contexto fue explicado de manera pormenorizada por la Intendenta Mar\u00eda Eugenia Martini, de cuya exposici\u00f3n se advierte un escenario de alta vulnerabilidad social que no est\u00e1 siendo atendido.<\/p>\n<p>Los asistentes manifiestan preocupaci\u00f3n por las demoras que sufre el Programa M\u00e1s cerca, Mas Municipio, mejor Pa\u00eds que se financia con fondos del Gobierno Nacional y que se canaliza a trav\u00e9s del Ministerio de Obras Publicas de la Provincia, en ese sentido el Presidente Martin Soria juntamente con el Senador Miguel Pichetto gestionaran una reuni\u00f3n de la Liga con el Ministro Julio de Vido con el fin de agilizar y propiciar mecanismos de transferencia directa de los fondos a los Municipios.<\/p>\n<p>Finalmente los presentes rescatan y valorizan el espacio de la Liga de Intendentes como \u00e1mbito de discusi\u00f3n y reclamos de temas comunes, dej\u00e1ndose prevista la pr\u00f3xima reuni\u00f3n que se llevara a cabo en la Localidad de Ingeniero Jacobacci durante la \u00faltima semana de Agosto.<\/p>\n<h6>Fuente: El Cordillerano<\/h6>\n","protected":false},"excerpt":{"rendered":"<p>La liga de Intendentes Justicialistas de Rio Negro se re\u00fane en Las Grutas, con las presencias de: Martin Soria (Presidente), Juan Reggione (Secretario Ejecutivo), Pedro Dantas (Campo Grande), Gilberto Montanaro (Cervantes), Liliana Alvarado (Cinco Saltos), David Mendoza (Gral. Belisle), Alberto Pacenti (Chichinales), Gerardo Bravo (Chimpay), Daniel Belloso (Choele Choel), Ricardo Garc\u00eda (El Bols\u00f3n), Alejandra Mas<\/p>\n","protected":false},"author":2,"featured_media":11863,"comment_status":"closed","ping_status":"closed","sticky":false,"template":"","format":"standard","meta":{"footnotes":""},"categories":[4],"tags":[11],"class_list":["post-11862","post","type-post","status-publish","format-standard","has-post-thumbnail","hentry","category-informe-politico","tag-rio-negro"],"_links":{"self":[{"href":"http:\/\/argentinamunicipal.com.ar\/argentina\/wp-json\/wp\/v2\/posts\/11862","targetHints":{"allow":["GET"]}}],"collection":[{"href":"http:\/\/argentinamunicipal.com.ar\/argentina\/wp-json\/wp\/v2\/posts"}],"about":[{"href":"http:\/\/argentinamunicipal.com.ar\/argentina\/wp-json\/wp\/v2\/types\/post"}],"author":[{"embeddable":true,"href":"http:\/\/argentinamunicipal.com.ar\/argentina\/wp-json\/wp\/v2\/users\/2"}],"replies":[{"embeddable":true,"href":"http:\/\/argentinamunicipal.com.ar\/argentina\/wp-json\/wp\/v2\/comments?post=11862"}],"version-history":[{"count":0,"href":"http:\/\/argentinamunicipal.com.ar\/argentina\/wp-json\/wp\/v2\/posts\/11862\/revisions"}],"wp:featuredmedia":[{"embeddable":true,"href":"http:\/\/argentinamunicipal.com.ar\/argentina\/wp-json\/wp\/v2\/media\/11863"}],"wp:attachment":[{"href":"http:\/\/argentinamunicipal.com.ar\/argentina\/wp-json\/wp\/v2\/media?parent=11862"}],"wp:term":[{"taxonomy":"category","embeddable":true,"href":"http:\/\/argentinamunicipal.com.ar\/argentina\/wp-json\/wp\/v2\/categories?post=11862"},{"taxonomy":"post_tag","embeddable":true,"href":"http:\/\/argentinamunicipal.com.ar\/argentina\/wp-json\/wp\/v2\/tags?post=11862"}],"curies":[{"name":"wp","href":"https:\/\/api.w.org\/{rel}","templated":true}]}}