{"id":118833,"date":"2021-09-24T04:49:21","date_gmt":"2021-09-24T07:49:21","guid":{"rendered":"http:\/\/argentinamunicipal.com.ar\/argentina\/?p=118833"},"modified":"2021-09-23T20:52:54","modified_gmt":"2021-09-23T23:52:54","slug":"en-busca-de-trabajo-mas-de-dos-cuadras-de-cola-para-conseguir-empleo-en-un-comercio-de-ropa-en-santo-tome","status":"publish","type":"post","link":"http:\/\/argentinamunicipal.com.ar\/argentina\/en-busca-de-trabajo-mas-de-dos-cuadras-de-cola-para-conseguir-empleo-en-un-comercio-de-ropa-en-santo-tome\/","title":{"rendered":"En busca de trabajo: m\u00e1s de dos cuadras de cola para conseguir empleo en un comercio de ropa en Santo Tom\u00e9"},"content":{"rendered":"<p>\u00abHab\u00eda chicas desde las 6:30 de la ma\u00f1ana haciendo cola\u00bb, mencion\u00f3 el due\u00f1o del local. La fila se extendi\u00f3 por cuatro horas y tuvieron que recortarla por la gran cantidad de mujeres en espera.<\/p>\n<p>Una llamativa escena se vivi\u00f3 en la intersecci\u00f3n de Avenida 7 de marzo y calle Gobernador Iriondo durante este mi\u00e9rcoles en Santo Tom\u00e9. Lo que se registr\u00f3 fue que en plena ma\u00f1ana de d\u00eda h\u00e1bil laboral hubo una cola de m\u00e1s de 200 metros para presentar un Curr\u00edculum Vitae, para ocupar tan solo cinco vacantes de trabajo en un comercio de ropa que abrir\u00e1 una nueva sucursal en la peatonal santafesina.<br \/>\nEl local comercial en cuesti\u00f3n se trata de la firma Cataleia, el cual comercializa vestimentas y accesorios para el p\u00fablico femenino. La convocatoria a presentar CV se cit\u00f3 para este mi\u00e9rcoles en el dep\u00f3sito contiguo al local que funciona en una de las principales arterias de Santo Tom\u00e9, buscando cubrir cinco puestos con diferentes funciones, aunque seg\u00fan empleadas la cosa \u00abse desmadr\u00f3\u00bb.<\/p>\n<p>UNO Santa Fe dialog\u00f3 con Mat\u00edas Chemes, due\u00f1o del comercio santotomesino, quien afirm\u00f3 que\u00a0\u00abhab\u00eda chicas desde las 6:30 de la ma\u00f1ana haciendo cola\u00bb, cuando la convocatoria informaba que se tomar\u00edan CV a partir de las 9.<\/p>\n<p>Las im\u00e1genes de la extensa fila son elocuentes, con cientos de j\u00f3venes mujeres pugnando por ser seleccionadas. En un contexto complejo en cuanto a la b\u00fasqueda de empleo joven en la regi\u00f3n y el pa\u00eds, esto puede hablar a las claras como una muestra de lo que sucede en el mundo laboral actual. En su mayor\u00eda, se trataban de mujeres j\u00f3venes buscando trabajo.<\/p>\n<p>La fila de candidatas se mantuvo en su extensi\u00f3n ininterrumpidamente por cuatro horas, extendi\u00e9ndose por la vereda sobre Avenida 7 de marzo y girando en la esquina de Gobernador Iriondo. A las 13 horas, viendo la gran cantidad de aspirantes que ya hab\u00edan sido entrevistadas y la cola de mujeres que permanec\u00edan a la espera en el exterior, desde el personal del comercio decidieron tomar nota de quien era la \u00faltima en la fila y cortar la sucesi\u00f3n de entrevistas desde all\u00ed.<\/p>\n<p>\u00abFue masiva. Estim\u00e1bamos que iba a ser grande la convocatoria pero super\u00f3 las expectativas. Hab\u00eda unos 180 metros de cola\u00bb, indic\u00f3 el due\u00f1o de la firma que instalar\u00e1 un nuevo local comercial en el microcentro santafesino. La nueva sucursal estar\u00e1 ubicada en peatonal San Mart\u00edn 2136, entre las calles Salta y Lisandro De La Torre.<\/p>\n<p>\u00abNo especificamos como requisito ser hombre o mujer. El pasado martes muchos hombres preguntaron por si pod\u00edan venir a presentarse, a los cuales les dijimos que s\u00ed, aunque al final se presentaron todas mujeres. Presentamos la convocatoria para la nueva sucursal que abriremos en Santa Fe y para sumar a todo el grupo de trabajo\u00bb, afirm\u00f3 Chemes.<\/p>\n<h6>Fuente: UNo<\/h6>\n","protected":false},"excerpt":{"rendered":"<p>\u00abHab\u00eda chicas desde las 6:30 de la ma\u00f1ana haciendo cola\u00bb, mencion\u00f3 el due\u00f1o del local. La fila se extendi\u00f3 por cuatro horas y tuvieron que recortarla por la gran cantidad de mujeres en espera.<\/p>\n","protected":false},"author":2,"featured_media":118834,"comment_status":"closed","ping_status":"closed","sticky":false,"template":"","format":"standard","meta":{"footnotes":""},"categories":[2],"tags":[10],"class_list":["post-118833","post","type-post","status-publish","format-standard","has-post-thumbnail","hentry","category-informe-municipal","tag-santa-fe"],"_links":{"self":[{"href":"http:\/\/argentinamunicipal.com.ar\/argentina\/wp-json\/wp\/v2\/posts\/118833","targetHints":{"allow":["GET"]}}],"collection":[{"href":"http:\/\/argentinamunicipal.com.ar\/argentina\/wp-json\/wp\/v2\/posts"}],"about":[{"href":"http:\/\/argentinamunicipal.com.ar\/argentina\/wp-json\/wp\/v2\/types\/post"}],"author":[{"embeddable":true,"href":"http:\/\/argentinamunicipal.com.ar\/argentina\/wp-json\/wp\/v2\/users\/2"}],"replies":[{"embeddable":true,"href":"http:\/\/argentinamunicipal.com.ar\/argentina\/wp-json\/wp\/v2\/comments?post=118833"}],"version-history":[{"count":0,"href":"http:\/\/argentinamunicipal.com.ar\/argentina\/wp-json\/wp\/v2\/posts\/118833\/revisions"}],"wp:featuredmedia":[{"embeddable":true,"href":"http:\/\/argentinamunicipal.com.ar\/argentina\/wp-json\/wp\/v2\/media\/118834"}],"wp:attachment":[{"href":"http:\/\/argentinamunicipal.com.ar\/argentina\/wp-json\/wp\/v2\/media?parent=118833"}],"wp:term":[{"taxonomy":"category","embeddable":true,"href":"http:\/\/argentinamunicipal.com.ar\/argentina\/wp-json\/wp\/v2\/categories?post=118833"},{"taxonomy":"post_tag","embeddable":true,"href":"http:\/\/argentinamunicipal.com.ar\/argentina\/wp-json\/wp\/v2\/tags?post=118833"}],"curies":[{"name":"wp","href":"https:\/\/api.w.org\/{rel}","templated":true}]}}