{"id":119138,"date":"2021-10-04T20:07:59","date_gmt":"2021-10-04T23:07:59","guid":{"rendered":"http:\/\/argentinamunicipal.com.ar\/argentina\/?p=119138"},"modified":"2021-10-04T20:07:59","modified_gmt":"2021-10-04T23:07:59","slug":"el-gobernador-de-santa-fe-destaco-la-importancia-de-la-construccion-en-municipios-y-comunas","status":"publish","type":"post","link":"http:\/\/argentinamunicipal.com.ar\/argentina\/el-gobernador-de-santa-fe-destaco-la-importancia-de-la-construccion-en-municipios-y-comunas\/","title":{"rendered":"El gobernador de Santa Fe destac\u00f3 la importancia de la construcci\u00f3n en municipios y comunas"},"content":{"rendered":"<p>El Gobernador visit\u00f3 el vacunatorio de Rafaela y entreg\u00f3 aportes del Fondo de Obras Menores por m\u00e1s de $40 millones, a 22 localidades del departamento Castellanos.<\/p>\n<p>El gobernador de la provincia,\u00a0Omar Perotti, encabez\u00f3 este lunes el acto de licitaci\u00f3n de un Centro de Desarrollo Infantil (CDI) para la ciudad de Rafaela,\u00a0obra que demandar\u00e1 una inversi\u00f3n superior a los 37 millones de pesos.<\/p>\n<p>Adem\u00e1s, el mandatario entreg\u00f3 aportes correspondientes al\u00a0Fondo de Obras Menores a 22 localidades del departamento Castellanos, por m\u00e1s de 40 millones de pesos. Tambi\u00e9n, visit\u00f3 el vacunatorio local.<\/p>\n<p>Los CDI estar\u00e1n destinados a ni\u00f1os y ni\u00f1as de 45 d\u00edas a 4 a\u00f1os de edad, funcionar\u00e1n en dos turnos con capacidad para 48 personas y brindar\u00e1n asistencia nutricional, estimulaci\u00f3n temprana y psicomotricidad.<\/p>\n<p>La inversi\u00f3n para el CDI de Rafaela es de $37.477.957\u00a0y ser\u00e1 construido en calle Am\u00e9rica 1310, entre 14 de Julio y Ram\u00f3n Cajal. Mientras tanto, los\u00a0ocho centros restantes\u00a0que se realizar\u00e1n en la provincia en esta etapa inicial, estar\u00e1n ubicados en\u00a0Reconquista,\u00a0Vera,\u00a0Tostado,\u00a0G\u00e1lvez,\u00a0Las Rosas,\u00a0El Tr\u00e9bol,\u00a0Fighiera\u00a0y\u00a0Ca\u00f1ada de G\u00f3mez.<\/p>\n<p>Perotti\u00a0record\u00f3 que\u00a0son los primeros 17 centros que se est\u00e1n desarrollando con la Naci\u00f3n en la provincia de Santa Fe. \u201cPoner en marcha la construcci\u00f3n de este centro de m\u00e1s de 30 millones de pesos y poner en marcha una licitaci\u00f3n de vivienda, moviliza a muchos actores.\u00a0La construcci\u00f3n es la que tiene esa cualidad\u00a0y es la que vamos a seguir desplegando en cada pueblo y ciudad\u201d, expres\u00f3 el gobernador.<\/p>\n<p>Y agreg\u00f3: \u201cHay ciudades que crecen a otro ritmo y que, claramente, tienen un diferencial en su crecimiento, en la inserci\u00f3n y demanda laboral en cada uno de los lugares. All\u00ed\u00a0el Estado provincial tiene que estar a la altura de los municipios\u201d, enfatiz\u00f3.<\/p>\n<p>El acto licitatorio se desarroll\u00f3 en el Cine Belgrano y participaron tambi\u00e9n el intendente de Rafaela, Luis Castellano; los ministros de Infraestructura, Servicios P\u00fablicos y H\u00e1bitat,\u00a0Silvina Frana; y de Desarrollo Social,\u00a0Danilo Capitani; el senador nacional\u00a0Roberto Mirabella; y el senador por el departamento Castellanos,\u00a0Alcides Calvo; diputados provinciales, los directores provinciales de Arquitectura e Ingenier\u00eda,\u00a0Dami\u00e1n Elaskar; y de Obras P\u00fablicas,\u00a0Gustavo Sol\u00eds; la secretaria de Obras y Servicios P\u00fablicos municipal,\u00a0B\u00e1rbara Chivallero; y el presidente de la Vecinal del barrio Nuestra Se\u00f1ora de Luj\u00e1n,\u00a0Fernando Lionetto, entre otros.<\/p>\n<h6>Fuente: Sin Mordaza<\/h6>\n","protected":false},"excerpt":{"rendered":"<p>El Gobernador visit\u00f3 el vacunatorio de Rafaela y entreg\u00f3 aportes del Fondo de Obras Menores por m\u00e1s de $40 millones, a 22 localidades del departamento Castellanos.<\/p>\n","protected":false},"author":2,"featured_media":119139,"comment_status":"closed","ping_status":"closed","sticky":false,"template":"","format":"standard","meta":{"footnotes":""},"categories":[2],"tags":[10],"class_list":["post-119138","post","type-post","status-publish","format-standard","has-post-thumbnail","hentry","category-informe-municipal","tag-santa-fe"],"_links":{"self":[{"href":"http:\/\/argentinamunicipal.com.ar\/argentina\/wp-json\/wp\/v2\/posts\/119138","targetHints":{"allow":["GET"]}}],"collection":[{"href":"http:\/\/argentinamunicipal.com.ar\/argentina\/wp-json\/wp\/v2\/posts"}],"about":[{"href":"http:\/\/argentinamunicipal.com.ar\/argentina\/wp-json\/wp\/v2\/types\/post"}],"author":[{"embeddable":true,"href":"http:\/\/argentinamunicipal.com.ar\/argentina\/wp-json\/wp\/v2\/users\/2"}],"replies":[{"embeddable":true,"href":"http:\/\/argentinamunicipal.com.ar\/argentina\/wp-json\/wp\/v2\/comments?post=119138"}],"version-history":[{"count":0,"href":"http:\/\/argentinamunicipal.com.ar\/argentina\/wp-json\/wp\/v2\/posts\/119138\/revisions"}],"wp:featuredmedia":[{"embeddable":true,"href":"http:\/\/argentinamunicipal.com.ar\/argentina\/wp-json\/wp\/v2\/media\/119139"}],"wp:attachment":[{"href":"http:\/\/argentinamunicipal.com.ar\/argentina\/wp-json\/wp\/v2\/media?parent=119138"}],"wp:term":[{"taxonomy":"category","embeddable":true,"href":"http:\/\/argentinamunicipal.com.ar\/argentina\/wp-json\/wp\/v2\/categories?post=119138"},{"taxonomy":"post_tag","embeddable":true,"href":"http:\/\/argentinamunicipal.com.ar\/argentina\/wp-json\/wp\/v2\/tags?post=119138"}],"curies":[{"name":"wp","href":"https:\/\/api.w.org\/{rel}","templated":true}]}}