{"id":119144,"date":"2021-10-04T20:14:35","date_gmt":"2021-10-04T23:14:35","guid":{"rendered":"http:\/\/argentinamunicipal.com.ar\/argentina\/?p=119144"},"modified":"2021-10-04T20:14:35","modified_gmt":"2021-10-04T23:14:35","slug":"llegara-la-1-edicion-de-la-fiesta-provincial-del-lagunero-en-melincue","status":"publish","type":"post","link":"http:\/\/argentinamunicipal.com.ar\/argentina\/llegara-la-1-edicion-de-la-fiesta-provincial-del-lagunero-en-melincue\/","title":{"rendered":"Llegar\u00e1 la 1\u00b0 edici\u00f3n de la Fiesta Provincial del Lagunero en Melincu\u00e9"},"content":{"rendered":"<p>Habr\u00e1 m\u00fasica, gastronom\u00eda, emprendedores y artesanos en un evento que, adem\u00e1s de lo cultural, resaltar\u00e1 el turismo de la cabecera de General L\u00f3pez.<\/p>\n<p>Este fin de semana se realizar\u00e1 la 1\u00b0 edici\u00f3n de la Fiesta Provincial del Lagunero en Melincu\u00e9. Se llevar\u00e1 cabo el s\u00e1bado 8 y domingo 9 de octubre, en homenaje al reconocido artista Daniel \u00abTino\u00bb Albarrac\u00edn, que fue un artista que vivi\u00f3 en la localidad y se empez\u00f3 a hacer famoso, adem\u00e1s de sus canciones, por su gran parecido f\u00edsico a Horacio Guarany.<\/p>\n<p>\u201cViaj\u00f3 por toda la Argentina llevando sus canciones y hablando de Melincu\u00e9, de su laguna y de su historia\u201d, cont\u00f3 a Sur24 la licenciada Claudia Rosenthal, secretaria de Turismo de la Comuna de Melincu\u00e9. \u201cEl Lagunero se hizo muy conocido, quiz\u00e1s el cantante folcl\u00f3rico m\u00e1s c\u00e9lebre de Melincu\u00e9. Despu\u00e9s de su muerte comenzaron a hacerse una serie de homenajes\u201d, agreg\u00f3.<\/p>\n<p>Esta propuesta busca convertirse en una tradici\u00f3n del pueblo y desde la Comuna no dudan que lograr\u00e1n imponerla como fiesta anual. Esto ya que la cabecera del departamento General L\u00f3pez no cuenta en la actualidad con ninguna fecha de estas caracter\u00edsticas que la represente.<\/p>\n<p>Cultura y turismo<br \/>\n\u201cLa fiesta coincide con el fin de semana largo, por lo tanto la finalidad no solo es cultural. Es tambi\u00e9n tur\u00edstica, porque se moviliza todo lo que sea gastronom\u00eda, caba\u00f1as, hoteles y todo lo que respecta a la actividad tur\u00edstica de Melincu\u00e9. Todo el fin de semana habr\u00e1 novedades\u201d.<\/p>\n<p>Las actividades principales se desarrollar\u00e1n el s\u00e1bado 9 y domingo 10 de octubre, en el complejo museol\u00f3gico San Juan Bautista de Melincu\u00e9. \u201cEse fue uno de los lugares inspiradores de El Lagunero, porque muchas de sus canciones ten\u00edan que ver con el Mangrullo, el Fort\u00edn, la indiada, entre otras\u201d.<\/p>\n<p>El homenaje comenzar\u00e1 a las 20 y estiman que culminar\u00e1 en las primeras horas de la madrugada, de acuerdo a la nuevas \u201cmedidas de convivencia\u201d en la provincia.<\/p>\n<p>\u201cVan a participar todos los guitarristas y artistas que actuaron con \u00e9l durante toda su carrera, as\u00ed que ser\u00e1 un escenario muy importante\u201d, subray\u00f3 la secretaria de Turismo.<\/p>\n<h6>Fuente: Sin Mordaza<\/h6>\n","protected":false},"excerpt":{"rendered":"<p>Habr\u00e1 m\u00fasica, gastronom\u00eda, emprendedores y artesanos en un evento que, adem\u00e1s de lo cultural, resaltar\u00e1 el turismo de la cabecera de General L\u00f3pez.<\/p>\n","protected":false},"author":2,"featured_media":119145,"comment_status":"closed","ping_status":"closed","sticky":false,"template":"","format":"standard","meta":{"footnotes":""},"categories":[47],"tags":[10],"class_list":["post-119144","post","type-post","status-publish","format-standard","has-post-thumbnail","hentry","category-fiestas","tag-santa-fe"],"_links":{"self":[{"href":"http:\/\/argentinamunicipal.com.ar\/argentina\/wp-json\/wp\/v2\/posts\/119144","targetHints":{"allow":["GET"]}}],"collection":[{"href":"http:\/\/argentinamunicipal.com.ar\/argentina\/wp-json\/wp\/v2\/posts"}],"about":[{"href":"http:\/\/argentinamunicipal.com.ar\/argentina\/wp-json\/wp\/v2\/types\/post"}],"author":[{"embeddable":true,"href":"http:\/\/argentinamunicipal.com.ar\/argentina\/wp-json\/wp\/v2\/users\/2"}],"replies":[{"embeddable":true,"href":"http:\/\/argentinamunicipal.com.ar\/argentina\/wp-json\/wp\/v2\/comments?post=119144"}],"version-history":[{"count":0,"href":"http:\/\/argentinamunicipal.com.ar\/argentina\/wp-json\/wp\/v2\/posts\/119144\/revisions"}],"wp:featuredmedia":[{"embeddable":true,"href":"http:\/\/argentinamunicipal.com.ar\/argentina\/wp-json\/wp\/v2\/media\/119145"}],"wp:attachment":[{"href":"http:\/\/argentinamunicipal.com.ar\/argentina\/wp-json\/wp\/v2\/media?parent=119144"}],"wp:term":[{"taxonomy":"category","embeddable":true,"href":"http:\/\/argentinamunicipal.com.ar\/argentina\/wp-json\/wp\/v2\/categories?post=119144"},{"taxonomy":"post_tag","embeddable":true,"href":"http:\/\/argentinamunicipal.com.ar\/argentina\/wp-json\/wp\/v2\/tags?post=119144"}],"curies":[{"name":"wp","href":"https:\/\/api.w.org\/{rel}","templated":true}]}}