{"id":119243,"date":"2021-10-07T05:18:32","date_gmt":"2021-10-07T08:18:32","guid":{"rendered":"http:\/\/argentinamunicipal.com.ar\/argentina\/?p=119243"},"modified":"2021-10-06T19:21:55","modified_gmt":"2021-10-06T22:21:55","slug":"guzman-las-cargas-de-deuda-impiden-la-recuperacion-y-crean-una-dinamica-desestabilizadora","status":"publish","type":"post","link":"http:\/\/argentinamunicipal.com.ar\/argentina\/guzman-las-cargas-de-deuda-impiden-la-recuperacion-y-crean-una-dinamica-desestabilizadora\/","title":{"rendered":"Guzm\u00e1n: \u00abLas cargas de deuda impiden la recuperaci\u00f3n y crean una din\u00e1mica desestabilizadora\u00bb"},"content":{"rendered":"<p>El ministro de Econom\u00eda particip\u00f3 de la XV Conferencia de las Naciones Unidas sobre Comercio y Desarrollo (Unctad) y habl\u00f3 sobre la reestructuraci\u00f3n llevada adelante por Argentina el a\u00f1o pasado. \u00abHacen falta reformas en la arquitectura financiera internacional\u00bb, expres\u00f3.<\/p>\n<p>El ministro de Econom\u00eda, Mart\u00edn Guzm\u00e1n, advirti\u00f3 este mi\u00e9rcoles que \u00ablas cargas de la deuda insostenibles impiden que los pa\u00edses establezcan caminos de recuperaci\u00f3n y crean una din\u00e1mica econ\u00f3mica y social desestabilizadora\u00bb.<\/p>\n<p>As\u00ed lo afirm\u00f3 al participar de la XV Conferencia de las Naciones Unidas sobre Comercio y Desarrollo (Unctad), donde particip\u00f3 de la Mesa Redonda Ministerial titulada \u201cAumento de la financiaci\u00f3n para el desarrollo\u201d.<\/p>\n<p>\u00abCuando un pa\u00eds enfrenta una carga de deuda insostenible, debe resolver ese problema y, por lo general, eso requiere un proceso de reestructuraci\u00f3n de la deuda\u00bb,\u00a0dijo el titular del Palacio de Hacienda en una videoconferencia.<\/p>\n<p>\u00abCuando realizan reestructuraciones de la deuda soberana, la mayor\u00eda de los pa\u00edses no obtiene el alivio de carga necesario para restaurar la sostenibilidad\u00bb, alert\u00f3 el funcionario.<\/p>\n<p>Tras recordar la reestructuraci\u00f3n de deuda llevada adelante por la Argentina el a\u00f1o pasado, Guzm\u00e1n dijo que \u00abhacen falta reformas en la arquitectura financiera internacional\u00bb porque hay \u00abdeficiencias estructurales que da\u00f1an las posibilidades de desarrollo\u00bb.<\/p>\n<p>Para el ministro, la creaci\u00f3n de un mecanismo multinacional de reestructuraci\u00f3n de deuda soberana \u00abdebe partir de los principios de sostenibilidad, transparencia y trato equitativo\u00bb.<\/p>\n<p>\u00abHay un desbalance de poder y de informaci\u00f3n entre deudores y acreedores; la real opacidad est\u00e1 del lado de los acreedores; tienen m\u00e1s informaci\u00f3n los acreedores sobre el deudor, que el deudor sobre los acreedores\u00bb, alert\u00f3.<\/p>\n<p>En ese sentido, asegur\u00f3 que\u00a0\u00abhace falta avanzar con lo que hab\u00edamos propuesto junto a (Joseph) Stiglitz en 2014 y en 2015 en las Naciones Unidas, de un marco multilateral para la reestructuraci\u00f3n de deuda soberanas\u00bb.<\/p>\n<p>\u00abNecesitamos un mejor multilateralismo, que la Unctad sea reconocida como un organismo que puede llevar adelante an\u00e1lisis de sostenibilidad de deuda, que sea independiente y no sesgado, no hay que dejarle solo este rol al FMI\u00bb, argument\u00f3 Guzm\u00e1n.<\/p>\n<p>Sobre este \u00faltimo punto, record\u00f3 que\u00a0\u00aben 2020 el FMI hizo un an\u00e1lisis de sostenibilidad de la deuda argentina sensato y justo, basado en evidencia emp\u00edrica y en teor\u00edas s\u00f3lidas, pero eso fue una excepci\u00f3n frente a lo que viene sucediendo en la historia de las \u00faltimas d\u00e9cadas del organismo\u00bb.<\/p>\n<p>\u00abEn el FMI se ha logrado avanzar, bajo la conducci\u00f3n actual, en pasos positivos, como fue la emisi\u00f3n de los DEG, como es el apoyo a la idea de que exista un fondo de resiliencia y sostenibilidad que d\u00e9 pr\u00e9stamos a plazos m\u00e1s largos a los pa\u00edses, y la b\u00fasqueda de revisar la pol\u00edtica de sobrecargos\u00bb, consider\u00f3.<\/p>\n<p>Pero, advirti\u00f3, \u00abno vemos el mismo nivel de liderazgo en todas las esferas del poder internacional y esto es algo que hay que corregir\u00bb.<\/p>\n<p>\u00abPara ir por el camino correcto, debemos trabajar colectivamente; es muy importante que trabajemos de esa manera para construir un mejor multilateralismo para una econom\u00eda global m\u00e1s sostenible\u00bb, concluy\u00f3.<\/p>\n<p>La mesa redonda fue presentada por la secretaria general de Unctad, Rebeca Grynspan; y el panel fue moderado por Jonathan Wheatley, periodista del Financial Times; adem\u00e1s de Guzm\u00e1n, participaron el premio Nobel de Econom\u00eda, Joseph Stiglitz; la ministra de Econom\u00eda de Espa\u00f1a, Nadia Calvi\u00f1o, y la primera ministra de Barbados, Mia Mottley.<\/p>\n<h6>Fuente: Telam<\/h6>\n","protected":false},"excerpt":{"rendered":"<p>El ministro de Econom\u00eda particip\u00f3 de la XV Conferencia de las Naciones Unidas sobre Comercio y Desarrollo (Unctad) y habl\u00f3 sobre la reestructuraci\u00f3n llevada adelante por Argentina el a\u00f1o pasado.<\/p>\n","protected":false},"author":2,"featured_media":119245,"comment_status":"closed","ping_status":"closed","sticky":false,"template":"","format":"standard","meta":{"footnotes":""},"categories":[8],"tags":[21],"class_list":["post-119243","post","type-post","status-publish","format-standard","has-post-thumbnail","hentry","category-informe-nacional","tag-argentina"],"_links":{"self":[{"href":"http:\/\/argentinamunicipal.com.ar\/argentina\/wp-json\/wp\/v2\/posts\/119243","targetHints":{"allow":["GET"]}}],"collection":[{"href":"http:\/\/argentinamunicipal.com.ar\/argentina\/wp-json\/wp\/v2\/posts"}],"about":[{"href":"http:\/\/argentinamunicipal.com.ar\/argentina\/wp-json\/wp\/v2\/types\/post"}],"author":[{"embeddable":true,"href":"http:\/\/argentinamunicipal.com.ar\/argentina\/wp-json\/wp\/v2\/users\/2"}],"replies":[{"embeddable":true,"href":"http:\/\/argentinamunicipal.com.ar\/argentina\/wp-json\/wp\/v2\/comments?post=119243"}],"version-history":[{"count":0,"href":"http:\/\/argentinamunicipal.com.ar\/argentina\/wp-json\/wp\/v2\/posts\/119243\/revisions"}],"wp:featuredmedia":[{"embeddable":true,"href":"http:\/\/argentinamunicipal.com.ar\/argentina\/wp-json\/wp\/v2\/media\/119245"}],"wp:attachment":[{"href":"http:\/\/argentinamunicipal.com.ar\/argentina\/wp-json\/wp\/v2\/media?parent=119243"}],"wp:term":[{"taxonomy":"category","embeddable":true,"href":"http:\/\/argentinamunicipal.com.ar\/argentina\/wp-json\/wp\/v2\/categories?post=119243"},{"taxonomy":"post_tag","embeddable":true,"href":"http:\/\/argentinamunicipal.com.ar\/argentina\/wp-json\/wp\/v2\/tags?post=119243"}],"curies":[{"name":"wp","href":"https:\/\/api.w.org\/{rel}","templated":true}]}}