{"id":119247,"date":"2021-10-07T05:22:19","date_gmt":"2021-10-07T08:22:19","guid":{"rendered":"http:\/\/argentinamunicipal.com.ar\/argentina\/?p=119247"},"modified":"2021-10-06T19:24:08","modified_gmt":"2021-10-06T22:24:08","slug":"alberto-fernandez-presento-un-proyecto-de-ley-para-consolidar-ambientes-laborales-seguros-y-saludables","status":"publish","type":"post","link":"http:\/\/argentinamunicipal.com.ar\/argentina\/alberto-fernandez-presento-un-proyecto-de-ley-para-consolidar-ambientes-laborales-seguros-y-saludables\/","title":{"rendered":"Alberto Fern\u00e1ndez present\u00f3 un proyecto de ley para consolidar ambientes laborales seguros y saludables"},"content":{"rendered":"<p>La iniciativa presentada por Alberto Fern\u00e1ndez sigue los lineamientos de la OIT y crea un \u00f3rgano paritario para implementar medidas que eviten accidentes y afirmen el derecho a un ambiente laboral seguro y saludable.<\/p>\n<p>El presidente Alberto Fern\u00e1ndez present\u00f3 este mi\u00e9rcoles el proyecto de Ley de Comit\u00e9s Mixtos de Seguridad, Salud, Medio Ambiente y Prevenci\u00f3n de Riesgos de Trabajo que apunta a consolidar ambientes laborales seguros y saludables.<\/p>\n<p>Junto a dirigentes sindicales, el mandatario destac\u00f3 la creaci\u00f3n de este comit\u00e9 mixto y advirti\u00f3 que\u00a0\u201cno hay que demorar m\u00e1s tiempo en resolver estas cosas que deber\u00edan estar resueltas en el siglo veintiuno\u201d.<\/p>\n<p>Y celebr\u00f3 que se haya llegado a este proyecto para enviarlo al Congreso. \u201cEste es el modo de trabajar, no hay otra manera\u201d, concluy\u00f3.<\/p>\n<p>Del encuentro celebrado en el Sal\u00f3n Eva Per\u00f3n de Casa Rosada participaron el secretario general de la CGT,\u00a0H\u00e9ctor Daer; el cosecretario general de esa central obrera,\u00a0Carlos Acu\u00f1a; el diputado nacional y dirigente de la CTA,\u00a0Hugo Yasky; el titular de la UOM,\u00a0Antonio Cal\u00f3; el secretario general de UPCN,\u00a0Andr\u00e9s Rodr\u00edguez; la titular de SADOP,\u00a0Marina Jaureguiberry; el Secretario General de ATE,\u00a0Hugo Godoy, y el de la UOCRA,\u00a0Gerardo Mart\u00ednez,\u00a0entre otros dirigentes gremiales.<\/p>\n<p>El proyecto, que sigue los lineamientos de la Organizaci\u00f3n Internacional del Trabajo (OIT), crea un \u00f3rgano paritario con el objetivo de implementar medidas para evitar los accidentes y afirmar el derecho a un ambiente laboral seguro y saludable.<\/p>\n<p>\u201cHemos demostrado que el m\u00e9todo paritario funciona\u201d, valor\u00f3 el ministro Moroni,\u00a0quien ponder\u00f3 que durante la pandemia \u201clos protocolos de seguridad han funcionado y\u00a0Argentina ha sido el pa\u00eds con menos contagios en \u00e1mbitos laborales\u201d.<\/p>\n<p>Por su parte, la ministra G\u00f3mez Alcorta sostuvo que \u201cparticularmente para nosotras, desde el Ministerio de las Mujeres, tiene una vital importancia este proyecto de ley porque prev\u00e9 que estos comit\u00e9s mixtos de empleadores y empleadoras; y trabajadores y trabajadoras, sean paritarios en raz\u00f3n de g\u00e9nero\u201d.<\/p>\n<p>Este Comit\u00e9 deber\u00e1 contribuir tambi\u00e9n a la prevenci\u00f3n de la violencia y el acoso en el mundo del trabajo, as\u00ed como de cualquier otra forma de discriminaci\u00f3n.<\/p>\n<p>De esa manera, con la participaci\u00f3n de representantes de los trabajadores y empleadores,\u00a0se crear\u00e1 un sistema de derechos, responsabilidades y deberes bien definidos, en el que se conceder\u00e1 prioridad al principio de prevenci\u00f3n.<\/p>\n<p>Ser\u00e1 obligatorio para las empresas donde se desempe\u00f1an m\u00e1s de cien trabajadoras y trabajadores, mientras que, en las unidades productivas de dimensiones inferiores, se conceder\u00e1n facultades espec\u00edficas a los delegados para participar y actuar en todos los temas relacionados con la seguridad y la salud en el trabajo.<\/p>\n<p>\u201cEste proyecto de Ley da vuelta 20 a\u00f1os de discusi\u00f3n en la Argentina,\u00a0generando \u00e1mbitos donde participan las comisiones internas y los empresarios en la soluci\u00f3n de temas\u201d, indic\u00f3 Daer al t\u00e9rmino del encuentro.<\/p>\n<p>\u201cMe parece que esto muestra claramente hacia d\u00f3nde va un proceso pol\u00edtico que marca que el di\u00e1logo entre trabajadores y empresarios es el camino a la asignaci\u00f3n de derechos y mejores condiciones laborales\u201d, agreg\u00f3 el titular de la CGT.<\/p>\n<h6>Fuente: Minuto Uno<\/h6>\n","protected":false},"excerpt":{"rendered":"<p>La iniciativa presentada por Alberto Fern\u00e1ndez sigue los lineamientos de la OIT y crea un \u00f3rgano paritario para implementar medidas que eviten accidentes y afirmen el derecho a un ambiente laboral seguro y saludable.<\/p>\n","protected":false},"author":2,"featured_media":119248,"comment_status":"closed","ping_status":"closed","sticky":false,"template":"","format":"standard","meta":{"footnotes":""},"categories":[8],"tags":[21],"class_list":["post-119247","post","type-post","status-publish","format-standard","has-post-thumbnail","hentry","category-informe-nacional","tag-argentina"],"_links":{"self":[{"href":"http:\/\/argentinamunicipal.com.ar\/argentina\/wp-json\/wp\/v2\/posts\/119247","targetHints":{"allow":["GET"]}}],"collection":[{"href":"http:\/\/argentinamunicipal.com.ar\/argentina\/wp-json\/wp\/v2\/posts"}],"about":[{"href":"http:\/\/argentinamunicipal.com.ar\/argentina\/wp-json\/wp\/v2\/types\/post"}],"author":[{"embeddable":true,"href":"http:\/\/argentinamunicipal.com.ar\/argentina\/wp-json\/wp\/v2\/users\/2"}],"replies":[{"embeddable":true,"href":"http:\/\/argentinamunicipal.com.ar\/argentina\/wp-json\/wp\/v2\/comments?post=119247"}],"version-history":[{"count":0,"href":"http:\/\/argentinamunicipal.com.ar\/argentina\/wp-json\/wp\/v2\/posts\/119247\/revisions"}],"wp:featuredmedia":[{"embeddable":true,"href":"http:\/\/argentinamunicipal.com.ar\/argentina\/wp-json\/wp\/v2\/media\/119248"}],"wp:attachment":[{"href":"http:\/\/argentinamunicipal.com.ar\/argentina\/wp-json\/wp\/v2\/media?parent=119247"}],"wp:term":[{"taxonomy":"category","embeddable":true,"href":"http:\/\/argentinamunicipal.com.ar\/argentina\/wp-json\/wp\/v2\/categories?post=119247"},{"taxonomy":"post_tag","embeddable":true,"href":"http:\/\/argentinamunicipal.com.ar\/argentina\/wp-json\/wp\/v2\/tags?post=119247"}],"curies":[{"name":"wp","href":"https:\/\/api.w.org\/{rel}","templated":true}]}}