{"id":119296,"date":"2021-10-08T05:28:12","date_gmt":"2021-10-08T08:28:12","guid":{"rendered":"http:\/\/argentinamunicipal.com.ar\/argentina\/?p=119296"},"modified":"2021-10-07T19:38:52","modified_gmt":"2021-10-07T22:38:52","slug":"alberto-fernandez-reunio-al-gabinete-y-pidio-mucha-presencia-territorial-a-sus-ministros","status":"publish","type":"post","link":"http:\/\/argentinamunicipal.com.ar\/argentina\/alberto-fernandez-reunio-al-gabinete-y-pidio-mucha-presencia-territorial-a-sus-ministros\/","title":{"rendered":"Alberto Fern\u00e1ndez reuni\u00f3 al Gabinete y pidi\u00f3 \u00abmucha presencia territorial\u00bb a sus ministros"},"content":{"rendered":"<p>El encuentro se desarroll\u00f3 en Casa de Gobierno con los ministros de todas las carteras. \u00abEl Presidente nos pidi\u00f3 tomar decisiones y entender que hay una sociedad muy golpeada despu\u00e9s de esta guerra que ha sido la pandemia\u00bb, asegur\u00f3 Juan Zabaleta.<\/p>\n<p>El presidente Alberto Fern\u00e1ndez encabez\u00f3 este jueves en el Museo del Bicentenario de Casa Rosada una reuni\u00f3n con los ministros de todas las carteras nacionales, a quienes les pidi\u00f3 \u00abmucha presencia territorial\u00bb para \u00abcontar\u00bb lo que se est\u00e1 haciendo para reactivar la econom\u00eda y mejorar la situaci\u00f3n de la sociedad.<\/p>\n<p>En la reuni\u00f3n, de la que tambi\u00e9n particip\u00f3 el jefe de Gabinete, Juan Manzur, los ministros expusieron sobre las diversas pol\u00edticas que se vienen llevando adelante, a lo que le sigui\u00f3 un \u00abcierre\u00bb del jefe de Estado en el que\u00a0llam\u00f3 a su equipo a \u00abtomar decisiones\u00bb respecto de los problemas sociales y econ\u00f3micos.<\/p>\n<p>Seg\u00fan comentaron voceros gubernamentales, Fern\u00e1ndez hizo diversas alusiones a los encuentros que tiene con vecinos y empresarios, que le sirven para\u00a0\u00abescuchar\u00bb a la ciudadan\u00eda sin \u00abintermediaciones\u00bb.<\/p>\n<p>Al finalizar la reuni\u00f3n de Gabinete -que se extendi\u00f3 por m\u00e1s de 3 horas- Juan Zabaleta, Mat\u00edas Lammens y Jaime Perczyk, respectivamente los ministros de Desarrollo, de Turismo y de Educaci\u00f3n, brindaron detalles y destacaron el pedido presidencial de escuchar a una sociedad que est\u00e1 \u00abmuy golpeada\u00bb luego de la pandemia.<\/p>\n<p>\u00abEl presidente llam\u00f3 a que los ministros est\u00e9n con mucha presencia territorial, tomando decisiones, contando lo que estamos haciendo y entender que hay una sociedad muy golpeada, despu\u00e9s de esta guerra que ha sido la pandemia\u00bb, detall\u00f3 el titular de Desarrollo.<\/p>\n<p>Zabaleta dijo que al primer mandatario\u00a0\u00able hizo muy bien tener cercan\u00eda con la gente\u00bb\u00a0y afirm\u00f3 que se lo ve \u00abcon mucho entusiasmo\u00bb.<\/p>\n<p>\u00abEl Presidente tom\u00f3 la modalidad en las \u00faltimas dos o tres semanas de salir a escuchar, de reunirse con vecinos, vecinas, en f\u00e1bricas, con empresarios, de ver la realidad que vive esta Argentina que est\u00e1 saliendo de la pandemia. Y de ah\u00ed, tomar decisiones respecto de esos problemas, que tienen que ver con este reclamo de transformar planes sociales en trabajo, la situaci\u00f3n de seguir dando pelea contra la inflaci\u00f3n\u00bb, a\u00f1adi\u00f3 el exintendente de Hurlingham.<\/p>\n<p>\u00abEl Presidente nos habl\u00f3 de los problemas que existen, que tiene la gente, como la inseguridad y la inflaci\u00f3n.\u00bb MAT\u00cdAS LAMMENS<\/p>\n<p>Por su parte, Lammens, destac\u00f3 como \u00abmuy buena\u00bb la reuni\u00f3n de Gabinete y fue \u00e9l qui\u00e9n precis\u00f3 que el mandatario \u00abhizo una evaluaci\u00f3n\u00bb de la nueva modalidad implementada de salir \u00aba escuchar\u00bb a la ciudadan\u00eda y as\u00ed \u00abno intermediar la relaci\u00f3n\u00bb, lo que \u00able permiti\u00f3 sacar muchas conclusiones de las preocupaciones que tiene la gente\u00bb.<\/p>\n<p>\u00abEl Presidente nos habl\u00f3 de los problemas que existen, que tiene la gente, como la inseguridad y la inflaci\u00f3n, y as\u00ed con cada una de las \u00e1reas.\u00a0Nos pidi\u00f3 que nos pusi\u00e9ramos a trabajar y nos marc\u00f3 la agenda a futuro\u00bb, a\u00f1adi\u00f3.<\/p>\n<p>En ese mismo sentido, afirm\u00f3 que el pedido es \u00abuna agenda que combine presente y trabajo para resolver los problemas de la gente, con una agenda del futuro llena de expectativa para encontrarle una salida a la pandemia\u00bb.<\/p>\n<p>A su turno,\u00a0Perczyk\u00a0confirm\u00f3 que ya se est\u00e1 trabajando para utilizar todas las herramientas que posibiliten la\u00a0revinculaci\u00f3n educativa\u00a0gracias a la implementaci\u00f3n de \u00abun fondo\u00bb que, en acuerdo con las jurisdicciones, servir\u00e1 para \u00abbuscar a los chicos que se fueron de la escuela\u00bb durante la pandemia.<\/p>\n<p>\u00abSe cre\u00f3 un fondo que se llama &#8216;Volver a la Escuela&#8217; que ya se est\u00e1 implementando y que tiene dos partes: Una es ir a buscarlos casa por casa con los listados de escuela nominalizados y, una vez que regresen, priorizar contenidos. Para eso hay que tener m\u00e1s horas y d\u00edas de clase. Hay un financiamiento del gobierno nacional para clases a contraturno, clase los d\u00edas s\u00e1bados, escuelas de verano\u00bb, se\u00f1al\u00f3.<\/p>\n<p>En ese sentido, dijo que buena parte de esas medidas ya se est\u00e1n implementando: \u00abHay provincias en las que va haber escuelas de verano en diciembre, enero, febrero y marzo.<\/p>\n<p>Finalmente, coment\u00f3 que en la reuni\u00f3n de Gabinete, la ministra de Salud, Carla Vizzotti, inform\u00f3 \u00abque llegaron vacunas Pfizer para adolescentes de secundaria y que est\u00e1n las vacunas para ni\u00f1os de 3 a 11 a\u00f1os\u00bb<\/p>\n<p>La \u00faltima reuni\u00f3n de ministros hab\u00eda sido encabezada en el Sal\u00f3n Eva Per\u00f3n el 22 de septiembre por Manzur, quien en esa oportunidad se\u00f1al\u00f3 que el objetivo del Gobierno nacional es que la \u00abreactivaci\u00f3n econ\u00f3mica llegue a todos los sectores por igual\u00bb.<\/p>\n<p>Adem\u00e1s de los mencionados, participaron los ministros del Interior, Eduardo \u00abWado\u00bb de Pedro; de Defensa, Jorge Taiana; de Econom\u00eda, Mart\u00edn Guzm\u00e1n; de Desarrollo Productivo, Mat\u00edas Kulfas; de Agricultura, Ganader\u00eda y Pesca, Juli\u00e1n Dom\u00ednguez; de Transporte, Alexis Guerrera; de Obras P\u00fablicas, Gabriel Katopodis; de Justicia, Mart\u00edn Soria; de Seguridad, An\u00edbal Fern\u00e1ndez; de Salud, Carla Vizzotti; y el canciller Santiago Cafiero.<\/p>\n<p>Tambi\u00e9n estuvieron presentes los titulares de Cultura, Trist\u00e1n Bauer; de Ciencia, Tecnolog\u00eda e Innovaci\u00f3n, Daniel Filmus; de Trabajo, Claudio Moroni; de Ambiente y Desarrollo Sostenible, Juan Cabandi\u00e9; de las Mujeres, G\u00e9neros y Diversidad, Elizabeth G\u00f3mez Alcorta; y de Desarrollo Territorial y H\u00e1bitat, Jorge Ferraresi.<\/p>\n<p>A ellos se sumaron los secretario General de la Presidencia, Julio Vitobello; de Legal y T\u00e9cnica, Vilma Ibarra; de Asuntos Estrat\u00e9gicos, Gustavo Beliz; de Comunicaci\u00f3n y Prensa, Juan Ross, y de Medios y Comunicaci\u00f3n P\u00fablica, Valeria Zapesochny.<\/p>\n<h6>Fuente: Telam<\/h6>\n","protected":false},"excerpt":{"rendered":"<p>El encuentro se desarroll\u00f3 en Casa de Gobierno con los ministros de todas las carteras. \u00abEl Presidente nos pidi\u00f3 tomar decisiones y entender que hay una sociedad muy golpeada despu\u00e9s de esta guerra que ha sido la pandemia\u00bb, asegur\u00f3 Juan Zabaleta.<\/p>\n","protected":false},"author":2,"featured_media":119297,"comment_status":"closed","ping_status":"closed","sticky":false,"template":"","format":"standard","meta":{"footnotes":""},"categories":[8],"tags":[21],"class_list":["post-119296","post","type-post","status-publish","format-standard","has-post-thumbnail","hentry","category-informe-nacional","tag-argentina"],"_links":{"self":[{"href":"http:\/\/argentinamunicipal.com.ar\/argentina\/wp-json\/wp\/v2\/posts\/119296","targetHints":{"allow":["GET"]}}],"collection":[{"href":"http:\/\/argentinamunicipal.com.ar\/argentina\/wp-json\/wp\/v2\/posts"}],"about":[{"href":"http:\/\/argentinamunicipal.com.ar\/argentina\/wp-json\/wp\/v2\/types\/post"}],"author":[{"embeddable":true,"href":"http:\/\/argentinamunicipal.com.ar\/argentina\/wp-json\/wp\/v2\/users\/2"}],"replies":[{"embeddable":true,"href":"http:\/\/argentinamunicipal.com.ar\/argentina\/wp-json\/wp\/v2\/comments?post=119296"}],"version-history":[{"count":0,"href":"http:\/\/argentinamunicipal.com.ar\/argentina\/wp-json\/wp\/v2\/posts\/119296\/revisions"}],"wp:featuredmedia":[{"embeddable":true,"href":"http:\/\/argentinamunicipal.com.ar\/argentina\/wp-json\/wp\/v2\/media\/119297"}],"wp:attachment":[{"href":"http:\/\/argentinamunicipal.com.ar\/argentina\/wp-json\/wp\/v2\/media?parent=119296"}],"wp:term":[{"taxonomy":"category","embeddable":true,"href":"http:\/\/argentinamunicipal.com.ar\/argentina\/wp-json\/wp\/v2\/categories?post=119296"},{"taxonomy":"post_tag","embeddable":true,"href":"http:\/\/argentinamunicipal.com.ar\/argentina\/wp-json\/wp\/v2\/tags?post=119296"}],"curies":[{"name":"wp","href":"https:\/\/api.w.org\/{rel}","templated":true}]}}