{"id":11930,"date":"2014-07-21T11:09:28","date_gmt":"2014-07-21T14:09:28","guid":{"rendered":"http:\/\/argentinamunicipal.com.ar\/argentina\/?p=11930"},"modified":"2014-07-21T11:09:28","modified_gmt":"2014-07-21T14:09:28","slug":"la-onu-llamo-a-un-inmediato-cese-de-hostilidades-en-gaza","status":"publish","type":"post","link":"http:\/\/argentinamunicipal.com.ar\/argentina\/la-onu-llamo-a-un-inmediato-cese-de-hostilidades-en-gaza\/","title":{"rendered":"La ONU llam\u00f3 a un \u00abinmediato cese de hostilidades\u00bb en Gaza"},"content":{"rendered":"<p><a href=\"http:\/\/argentinamunicipal.com.ar\/argentina\/wp-content\/uploads\/2014\/07\/53c657a981gaza.jpg\"><img loading=\"lazy\" decoding=\"async\" class=\"aligncenter size-full wp-image-11931\" src=\"http:\/\/argentinamunicipal.com.ar\/argentina\/wp-content\/uploads\/2014\/07\/53c657a981gaza.jpg\" alt=\"53c657a981gaza\" width=\"620\" height=\"350\" srcset=\"http:\/\/argentinamunicipal.com.ar\/argentina\/wp-content\/uploads\/2014\/07\/53c657a981gaza.jpg 620w, http:\/\/argentinamunicipal.com.ar\/argentina\/wp-content\/uploads\/2014\/07\/53c657a981gaza-300x169.jpg 300w\" sizes=\"auto, (max-width: 620px) 100vw, 620px\" \/><\/a><\/p>\n<p>En una reuni\u00f3n de emergencia, expres\u00f3 su \u00abseria preocupaci\u00f3n\u00bb por la escalada de la violencia en la Franja, que el domingo vivi\u00f3 la jornada m\u00e1s sangrienta desde el inicio de la operaci\u00f3n Margen Protector contra Hamas<\/p>\n<p>El presidente de turno del Consejo de Seguridad, el ruand\u00e9s Eugene Gasana, ley\u00f3 una declaraci\u00f3n a los periodistas despu\u00e9s de una reuni\u00f3n de unas dos horas para analizar la situaci\u00f3n en esa regi\u00f3n de Oriente Medio.<\/p>\n<p>Gasada dijo que el documento hab\u00eda sido convenido por los representantes del Consejo de Seguridad despu\u00e9s de las consultas realizadas en una reuni\u00f3n a puerta cerrada en la sede de la ONU.<\/p>\n<p>\u00abLos miembros del Consejo de Seguridad expresan su seria preocupaci\u00f3n por la escalada de la violencia relacionada con Gaza\u00bb, dice la declaraci\u00f3n que ley\u00f3 Gasada.<\/p>\n<p>Adem\u00e1s, ese \u00f3rgano de la ONU hace un llamamiento para \u00abel respeto de las leyes humanitarias internacionales, incluyendo la protecci\u00f3n de los civiles\u00bb, a la vez que insiste en la necesidad de alcanzar treguas entre las dos partes por razones humanitarias.<\/p>\n<p>El domingo se vivi\u00f3 la jornada m\u00e1s violenta de los \u00faltimos d\u00edas<\/p>\n<p>Tambi\u00e9n expresan su \u00abseria preocupaci\u00f3n\u00bb por el creciente n\u00famero de v\u00edctimas y dice que la petici\u00f3n para un alto el fuego debe basarse en los convenios firmados en noviembre de 2012 que permitieron el cese de hostilidades en Gaza.<\/p>\n<p>En ese sentido, el Consejo de Seguridad, seg\u00fan la declaraci\u00f3n que ley\u00f3 Gasana, agradece los esfuerzos de Egipto para que el movimiento palestino Ham\u00e1s e Israel alcancen un alto el fuego, labor en la que est\u00e1 siendo apoyado por el secretario general de la ONU, Ban Ki-moon.<\/p>\n<p>Ban se encuentra de gira por Oriente Medio con el fin de impulsar con l\u00edderes regionales un alto el fuego, despu\u00e9s de que se viviera este domingo en Gaza la jornada m\u00e1s violenta de los \u00faltimos d\u00edas, con m\u00e1s de 130 palestinos y trece soldados israel\u00edes muertos.<\/p>\n<p>La mayor\u00eda de las v\u00edctimas del domingo se produjeron por el ataque israel\u00ed al gazat\u00ed de Shahaiya, donde murieron al menos 62 palestinos y los trece soldados israel\u00edes.<\/p>\n<p>Ban, desde Qatar, donde se encontraba este domingo, volvi\u00f3 a condenar hoy la violencia de la ofensiva israel\u00ed contra Gaza, e hizo renovados llamamientos para un alto el fuego.<\/p>\n<p>En la capital de Qatar, Doha, Ban se reuni\u00f3 con l\u00edderes palestinos y con autoridades catar\u00edes. Despu\u00e9s de esta etapa se desplaz\u00f3 a Kuwait para luego continuar con su gira a El Cairo, Jerusal\u00e9n, Ramala y Amm\u00e1n.<\/p>\n<h3>Jornada sangrienta<\/h3>\n<p>La ofensiva israel\u00ed en la franja costera se ha llevado por delante la vida de 501 palestinos, informaron los servicios de emergencia de Gaza el lunes, el d\u00eda en el que ambas partes del conflicto cuentan sus muertos tras lo que fue la jornada m\u00e1s sangrienta de esta lucha que ya dura dos semanas.<\/p>\n<p>Ashraf al-Kidra, un funcionario del Ministerio de Salud de Gaza, dijo que los equipos de emergencia buscaban cad\u00e1veres el lunes a primera hora entre los escombros de una casa abatida por un ataque a\u00e9reo israel\u00ed cerca de la ciudad de Khan Younis.<\/p>\n<p>Asegura que de momento encontraron 20 cuerpos en el lugar del impacto y que dos personas fueron rescatadas con vida durante la noche.<\/p>\n<p>En los intensos enfrentamientos del domingo tambi\u00e9n murieron veinte israel\u00edes, entre ellos 13 soldados del ej\u00e9rcito.<\/p>\n<h6>Fuente: Diario Panorama<\/h6>\n","protected":false},"excerpt":{"rendered":"<p>En una reuni\u00f3n de emergencia, expres\u00f3 su \u00abseria preocupaci\u00f3n\u00bb por la escalada de la violencia en la Franja, que el domingo vivi\u00f3 la jornada m\u00e1s sangrienta desde el inicio de la operaci\u00f3n Margen Protector contra Hamas El presidente de turno del Consejo de Seguridad, el ruand\u00e9s Eugene Gasana, ley\u00f3 una declaraci\u00f3n a los periodistas despu\u00e9s<\/p>\n","protected":false},"author":2,"featured_media":11931,"comment_status":"closed","ping_status":"closed","sticky":false,"template":"","format":"standard","meta":{"footnotes":""},"categories":[22],"tags":[57],"class_list":["post-11930","post","type-post","status-publish","format-standard","has-post-thumbnail","hentry","category-el-mundo","tag-el-mundo"],"_links":{"self":[{"href":"http:\/\/argentinamunicipal.com.ar\/argentina\/wp-json\/wp\/v2\/posts\/11930","targetHints":{"allow":["GET"]}}],"collection":[{"href":"http:\/\/argentinamunicipal.com.ar\/argentina\/wp-json\/wp\/v2\/posts"}],"about":[{"href":"http:\/\/argentinamunicipal.com.ar\/argentina\/wp-json\/wp\/v2\/types\/post"}],"author":[{"embeddable":true,"href":"http:\/\/argentinamunicipal.com.ar\/argentina\/wp-json\/wp\/v2\/users\/2"}],"replies":[{"embeddable":true,"href":"http:\/\/argentinamunicipal.com.ar\/argentina\/wp-json\/wp\/v2\/comments?post=11930"}],"version-history":[{"count":0,"href":"http:\/\/argentinamunicipal.com.ar\/argentina\/wp-json\/wp\/v2\/posts\/11930\/revisions"}],"wp:featuredmedia":[{"embeddable":true,"href":"http:\/\/argentinamunicipal.com.ar\/argentina\/wp-json\/wp\/v2\/media\/11931"}],"wp:attachment":[{"href":"http:\/\/argentinamunicipal.com.ar\/argentina\/wp-json\/wp\/v2\/media?parent=11930"}],"wp:term":[{"taxonomy":"category","embeddable":true,"href":"http:\/\/argentinamunicipal.com.ar\/argentina\/wp-json\/wp\/v2\/categories?post=11930"},{"taxonomy":"post_tag","embeddable":true,"href":"http:\/\/argentinamunicipal.com.ar\/argentina\/wp-json\/wp\/v2\/tags?post=11930"}],"curies":[{"name":"wp","href":"https:\/\/api.w.org\/{rel}","templated":true}]}}