{"id":119305,"date":"2021-10-08T05:44:58","date_gmt":"2021-10-08T08:44:58","guid":{"rendered":"http:\/\/argentinamunicipal.com.ar\/argentina\/?p=119305"},"modified":"2021-10-07T19:46:58","modified_gmt":"2021-10-07T22:46:58","slug":"nacion-invertira-3-000-millones-en-el-programa-de-desarrollo-productivo-para-pymes","status":"publish","type":"post","link":"http:\/\/argentinamunicipal.com.ar\/argentina\/nacion-invertira-3-000-millones-en-el-programa-de-desarrollo-productivo-para-pymes\/","title":{"rendered":"Naci\u00f3n invertir\u00e1 $3.000 millones en el Programa de Desarrollo Productivo para pymes"},"content":{"rendered":"<p>Tras la presentaci\u00f3n de la iniciativa, el titular de la Secretar\u00eda de la Peque\u00f1a y Mediana Empresa y los Emprendedores, Guillermo Merediz, dijo que \u00abel apoyo a las pymes requiere de un trabajo cotidiano de acompa\u00f1amiento a las firmas para que sean m\u00e1s fuertes y se recuperen\u00bb.<\/p>\n<p>La Secretar\u00eda de la Peque\u00f1a y Mediana Empresa y los Emprendedores (Sepyme) anunci\u00f3 este jueves la implementaci\u00f3n del Programa de Desarrollo Productivo Pyme, que destinar\u00e1 un total de $ 3.000 millones para generar innovaci\u00f3n y desarrollos en las compa\u00f1\u00edas a trav\u00e9s de Aportes No Reembolsables (ANR\u00b4s) de hasta $40 millones por proyecto.<\/p>\n<p>La iniciativa -presentada esta tarde en forma virtual- persigue el objetivo de asistir a las pymes en las iniciativas destinadas a mejorar su productividad y\/o impacten en su cadena de valor.<\/p>\n<p>Los\u00a0Aportes No Reembolsables\u00a0se podr\u00e1n tramitar para financiar proyectos de consultor\u00eda y asistencia t\u00e9cnica; para adquisici\u00f3n de bienes de capital; y para capital de trabajo incremental asociado al proyecto (hasta el 10% del monto total del ANR).<\/p>\n<p>En ese marco, el titular dela Sepyme,\u00a0Guillermo Merediz, dijo que \u00abel apoyo a las pymes requiere de un trabajo cotidiano de acompa\u00f1amiento a las firmas para que sean m\u00e1s fuertes y se recuperen\u00bb.<\/p>\n<p>En ese sentido, el funcionario consider\u00f3 que \u00aba veces hay mucho desprestigio sobre las pol\u00edticas p\u00fablicas, pero nosotros las hacemos para todos, sin distinciones y en forma federal\u00bb.<\/p>\n<p>Y agreg\u00f3 que \u00abnecesitamos que las pol\u00edticas p\u00fablicas les lleguen a las miles de pymes de la Argentina que han hecho un esfuerzo sustantivo para poder seguir de pie durante la pandemia\u00bb.<\/p>\n<p>Por otro lado, Merediz destac\u00f3 distintas medidas llevadas a cabo por el Ministerio de Desarrollo Productivo como \u00ablas m\u00e1s de 32 l\u00edneas de cr\u00e9dito desde que iniciamos la gesti\u00f3n; el Programa de Apoyo a la Competitividad\u00a0(PAC); el programa\u00a0Procer; los Centros de Servicios Tecnol\u00f3gicos\u00bb.<\/p>\n<p>Adem\u00e1s, ponder\u00f3 \u00abla baja de retenciones al 0% para las pymes del agro y la industria que exportan menos de US$ 3 millones; el Centro de Ayuda Pyme para consultar las pol\u00edticas p\u00fablicas vigentes; y el programa de empleo joven Te Sumo\u00bb.<\/p>\n<p>Los requisitos para acceder al Programa son poseer Registro Mipyme; producir manufacturas de origen industrial o agropecuario o brindar servicios que tengan un proyecto de desarrollo sostenible; tener al menos 2 a\u00f1os de actividad; y presentar un proyecto estrat\u00e9gico integral.<\/p>\n<p>Los proyectos pueden orientarse al Desarrollo Sostenible o Exportador; a la Transformaci\u00f3n Digital 4.0; a la Ecoinnovaci\u00f3n; a la Reconversi\u00f3n Productiva; o al Dise\u00f1o y Desarrollo de nuevos Productos o l\u00edneas tendientes a Mitigar la Desigualdad de G\u00e9nero.<\/p>\n<h6>Fuente: Telam<\/h6>\n","protected":false},"excerpt":{"rendered":"<p>Tras la presentaci\u00f3n de la iniciativa, el titular de la\u00a0Secretar\u00eda de la Peque\u00f1a y Mediana Empresa y los Emprendedores, Guillermo Merediz, dijo que \u00abel apoyo a las pymes requiere de un trabajo cotidiano de acompa\u00f1amiento a las firmas para que sean m\u00e1s fuertes y se recuperen\u00bb.<\/p>\n","protected":false},"author":2,"featured_media":119306,"comment_status":"closed","ping_status":"closed","sticky":false,"template":"","format":"standard","meta":{"footnotes":""},"categories":[8],"tags":[21],"class_list":["post-119305","post","type-post","status-publish","format-standard","has-post-thumbnail","hentry","category-informe-nacional","tag-argentina"],"_links":{"self":[{"href":"http:\/\/argentinamunicipal.com.ar\/argentina\/wp-json\/wp\/v2\/posts\/119305","targetHints":{"allow":["GET"]}}],"collection":[{"href":"http:\/\/argentinamunicipal.com.ar\/argentina\/wp-json\/wp\/v2\/posts"}],"about":[{"href":"http:\/\/argentinamunicipal.com.ar\/argentina\/wp-json\/wp\/v2\/types\/post"}],"author":[{"embeddable":true,"href":"http:\/\/argentinamunicipal.com.ar\/argentina\/wp-json\/wp\/v2\/users\/2"}],"replies":[{"embeddable":true,"href":"http:\/\/argentinamunicipal.com.ar\/argentina\/wp-json\/wp\/v2\/comments?post=119305"}],"version-history":[{"count":0,"href":"http:\/\/argentinamunicipal.com.ar\/argentina\/wp-json\/wp\/v2\/posts\/119305\/revisions"}],"wp:featuredmedia":[{"embeddable":true,"href":"http:\/\/argentinamunicipal.com.ar\/argentina\/wp-json\/wp\/v2\/media\/119306"}],"wp:attachment":[{"href":"http:\/\/argentinamunicipal.com.ar\/argentina\/wp-json\/wp\/v2\/media?parent=119305"}],"wp:term":[{"taxonomy":"category","embeddable":true,"href":"http:\/\/argentinamunicipal.com.ar\/argentina\/wp-json\/wp\/v2\/categories?post=119305"},{"taxonomy":"post_tag","embeddable":true,"href":"http:\/\/argentinamunicipal.com.ar\/argentina\/wp-json\/wp\/v2\/tags?post=119305"}],"curies":[{"name":"wp","href":"https:\/\/api.w.org\/{rel}","templated":true}]}}