{"id":119311,"date":"2021-10-08T04:59:50","date_gmt":"2021-10-08T07:59:50","guid":{"rendered":"http:\/\/argentinamunicipal.com.ar\/argentina\/?p=119311"},"modified":"2021-10-07T20:02:16","modified_gmt":"2021-10-07T23:02:16","slug":"mas-del-65-del-comercio-santafesino-incremento-sus-ventas","status":"publish","type":"post","link":"http:\/\/argentinamunicipal.com.ar\/argentina\/mas-del-65-del-comercio-santafesino-incremento-sus-ventas\/","title":{"rendered":"M\u00e1s del 65% del comercio santafesino increment\u00f3 sus ventas"},"content":{"rendered":"<p>El dato se desprende del informe mensual realizado por el Centro Comercial con relevamientos realizados sobre las ventas de los comercios minoristas.<\/p>\n<p>El Departamento de Investigaciones Econ\u00f3micas y Sociales (Dies) del Centro Comercial de Santa Fe, public\u00f3 los datos del informe mensual de ventas en comercios minoristas en la ciudad de Santa Fe, correspondiente al mes de septiembre de 2021. Del mismo se desprende, como dato m\u00e1s significante, que m\u00e1s del 65 por ciento de los comerciantes inform\u00f3 incrementos en sus ventas en \u00abunidades f\u00edsicas\u00bb respecto al mes de agosto.<br \/>\nSeg\u00fan el informe del Centro Comercial con la respuestas recolectadas de los comercios santafesinos, \u00abnominalmente, es decir sin tener en cuenta el efecto inflacionario, vemos que un 26,9 por ciento disminuy\u00f3 su facturaci\u00f3n, un 19,3 por ciento reconoci\u00f3 estar facturando niveles similares y un mayoritario 53,8 por ciento increment\u00f3 la misma, a\u00fan en porcentajes dis\u00edmiles.<\/p>\n<p>Por otra parte, cuando se les consult\u00f3 a los comerciantes sobre \u201cunidades f\u00edsicas\u201d vendidas, un 65,4 por ciento inform\u00f3 subas, un 19,2 por ciento igual y un 15,4 por ciento disminuciones. Las respuestas recolectadas en los comercios locales por el Centro Comercial, \u00abevidencia que en el mes de septiembre de 2021 mostr\u00f3 cierta mejora en el nivel de la actividad comercial santafesina, aunque moderada\u00bb.<\/p>\n<p>En relaci\u00f3n a las comparaciones interanuales (con septiembre 2020\/21), el informe del Centro Comercial establece que \u00abcuando se trata de comparar valores de facturaci\u00f3n nominal, un 23,1% declar\u00f3 disminuciones, a pesar de la inflaci\u00f3n anual. Un 11,5% factur\u00f3 lo mismo y un 65,4% increment\u00f3 su facturaci\u00f3n\u00bb.<\/p>\n<p>Por otra parte, cuando se comparan en el informe cantidades f\u00edsicas de producto vendido en el interanual, \u00abun 23,1% disminuy\u00f3, un 11,5% se mantiene igual y un 65,4% increment\u00f3, todo ello en distintas incidencias porcentuales\u00bb.<\/p>\n<p>En relaci\u00f3n a la \u00abpercepci\u00f3n de situaci\u00f3n econ\u00f3mica de su comercio\u00bb, los entrevistados en el informe del Dies,\u00a0\u00abun importante 69,2% eval\u00faa que su empresa tiene una situaci\u00f3n entre buena y muy buena; un 26,9% regular y s\u00f3lo un 3,8% declara que es mala.<\/p>\n<p>Finalmente, el informe vislumbra las expectativas de niveles de ventas de los pr\u00f3ximos 6 meses de los comerciantes santafesinos. El resultado marca que un 46,2% cree que aumentar\u00e1n, un 23,1% se mantendr\u00e1n, un 3,8% disminuir\u00e1n y un 26,9% prefiere no emitir opini\u00f3n.<\/p>\n<p>\u00abCreemos que las ventas minoristas de septiembre est\u00e1n mostrando una incipiente recuperaci\u00f3n, lenta pero sostenida, influenciada por la paulatina reapertura de actividades en general, que alimentan una postura optimista de cara a los pr\u00f3ximos meses\u00bb, subraya el informe del Centro Comercial de Santa Fe como conclusi\u00f3n final.<\/p>\n<h6>Fuente: Uno<\/h6>\n","protected":false},"excerpt":{"rendered":"<p>El dato se desprende del informe mensual realizado por el Centro Comercial con relevamientos realizados sobre las ventas de los comercios minoristas.<br \/>\n\u00a0<\/p>\n","protected":false},"author":2,"featured_media":119312,"comment_status":"closed","ping_status":"closed","sticky":false,"template":"","format":"standard","meta":{"footnotes":""},"categories":[5],"tags":[10],"class_list":["post-119311","post","type-post","status-publish","format-standard","has-post-thumbnail","hentry","category-informe-economico","tag-santa-fe"],"_links":{"self":[{"href":"http:\/\/argentinamunicipal.com.ar\/argentina\/wp-json\/wp\/v2\/posts\/119311","targetHints":{"allow":["GET"]}}],"collection":[{"href":"http:\/\/argentinamunicipal.com.ar\/argentina\/wp-json\/wp\/v2\/posts"}],"about":[{"href":"http:\/\/argentinamunicipal.com.ar\/argentina\/wp-json\/wp\/v2\/types\/post"}],"author":[{"embeddable":true,"href":"http:\/\/argentinamunicipal.com.ar\/argentina\/wp-json\/wp\/v2\/users\/2"}],"replies":[{"embeddable":true,"href":"http:\/\/argentinamunicipal.com.ar\/argentina\/wp-json\/wp\/v2\/comments?post=119311"}],"version-history":[{"count":0,"href":"http:\/\/argentinamunicipal.com.ar\/argentina\/wp-json\/wp\/v2\/posts\/119311\/revisions"}],"wp:featuredmedia":[{"embeddable":true,"href":"http:\/\/argentinamunicipal.com.ar\/argentina\/wp-json\/wp\/v2\/media\/119312"}],"wp:attachment":[{"href":"http:\/\/argentinamunicipal.com.ar\/argentina\/wp-json\/wp\/v2\/media?parent=119311"}],"wp:term":[{"taxonomy":"category","embeddable":true,"href":"http:\/\/argentinamunicipal.com.ar\/argentina\/wp-json\/wp\/v2\/categories?post=119311"},{"taxonomy":"post_tag","embeddable":true,"href":"http:\/\/argentinamunicipal.com.ar\/argentina\/wp-json\/wp\/v2\/tags?post=119311"}],"curies":[{"name":"wp","href":"https:\/\/api.w.org\/{rel}","templated":true}]}}