{"id":119333,"date":"2021-10-12T04:56:06","date_gmt":"2021-10-12T07:56:06","guid":{"rendered":"http:\/\/argentinamunicipal.com.ar\/argentina\/?p=119333"},"modified":"2021-10-11T20:30:06","modified_gmt":"2021-10-11T23:30:06","slug":"el-empleo-total-registrado-crecio-en-julio-en-14-800-puestos-respecto-a-igual-mes-de-2019","status":"publish","type":"post","link":"http:\/\/argentinamunicipal.com.ar\/argentina\/el-empleo-total-registrado-crecio-en-julio-en-14-800-puestos-respecto-a-igual-mes-de-2019\/","title":{"rendered":"El empleo total registrado creci\u00f3 en julio en 14.800 puestos respecto a igual mes de 2019."},"content":{"rendered":"<p>As\u00ed lo cuanrtific\u00f3 un informe elaborado por el Observatorio de Pol\u00edticas P\u00fablicas de la Universidad Nacional de Avellaneda, desde el cual destacaron el efecto favorable de las medidas dispuestas por el Gobierno.<\/p>\n<p>El\u00a0empleo total registrado se ubic\u00f3 en julio por encima del nivel existente en diciembre de 2019, previo a la pandemia de coronavirus, gracias a un conjunto de medidas dispuestas por el Gobierno nacional, que determinaron un impacto de la emergencia sanitaria inferior al de otros pa\u00edses, dijo a T\u00e9lam el economista e investigador de la\u00a0Universidad Nacional de Avellaneda (Undav), Sergio Chouza.<\/p>\n<p>\u00abLa caracter\u00edstica particular del impacto de la pandemia sobre el mercado laboral argentino fue que\u00a0tuvo redes de contenci\u00f3n: la doble indemnizaci\u00f3n, la prohibici\u00f3n de despidos y medidas como el Programa de Asistencia de Emergencia al Trabajo\u00a0y la Producci\u00f3n (ATP) y el\u00a0Ingreso Familiar de Emergencia (IFE), de ah\u00ed que haya registrado un menor impacto que otros pa\u00edses\u00bb, remarc\u00f3 Chouza.<\/p>\n<p>El economista se refiri\u00f3 de esta forma a un informe elaborado por el Observatorio de Pol\u00edticas P\u00fablicas de la Undav, que dio cuenta que el empleo total registrado creci\u00f3 en julio en 14.800 personas respecto a igual per\u00edodo de 2019.<\/p>\n<p>A esto\u00a0se sum\u00f3 que la cantidad de personas asalariadas en el sector privado se increment\u00f3 durante ese mismo mes un 0,1% con respecto a mayo, con lo que acumul\u00f3 el segundo per\u00edodo consecutivo de expansi\u00f3n.<\/p>\n<p>Respecto de la\u00a0remuneraci\u00f3n imponible promedio de los trabajadores estables (Ripte), a precios de julio, se ubica\u00a01,3% por encima de lo registrado en diciembre de 2019,\u00a0en tanto el \u00cdndice de Salarios del Total Registrado mostr\u00f3 un aumento de 5,5% contra el mes previo.<\/p>\n<p>\u00abSe instala que los salarios est\u00e1n destruidos, y si bien es verdad que todav\u00eda est\u00e1n entre 20% y 24% por debajo de los de 2015, cuando uno toma una serie larga para el an\u00e1lisis, esta se compone de diferentes per\u00edodos, y lo que se observa es que cuando m\u00e1s cayeron fue en acumulado de 2018 y 2019\u00bb, precis\u00f3 Chouza.<\/p>\n<p>En cambio, \u00abdesde el inicio de la actual administraci\u00f3n,\u00a0para el segmento registrado (porcentaje de la torta que explica una masa de 12 millones de trabajadores y que constituye entre el 60% y el 65% del total) se est\u00e1 1,3% arriba\u00bb, afirm\u00f3.<\/p>\n<p>Seg\u00fan el economista, por eso \u00abno hubo ca\u00edda del poder adquisitivo entre los asalariados registrados\u00bb.<\/p>\n<p>\u00abEsto no llega a sentirse todav\u00eda en la calle y hay que apuntalarlo, pero independientemente de lo que falta, que en una pandemia y en una crisis de deuda no haya ca\u00edda de los salarios es algo para resaltar\u00bb, asever\u00f3.<\/p>\n<p>Por otro lado, respecto de las expectativas empresarias, se desprende de la Encuesta de Indicadores Laborales, base del an\u00e1lisis de la Undav, que agosto result\u00f3 ser el s\u00e9ptimo mes consecutivo con una mayor proporci\u00f3n de opiniones optimistas respecto de aumentos previstos en las plantillas.<\/p>\n<p><strong>Comparaci\u00f3n hist\u00f3rica<\/strong><\/p>\n<p>En un an\u00e1lisis hist\u00f3rico sobre a la evoluci\u00f3n del empleo registrado desde enero de 2009 a diciembre de 2015, se observa un crecimiento de 69.300 trabajadores, lo que signific\u00f3 un aumento del 5,9%.<\/p>\n<p>En esa l\u00ednea, el estudio contextualiza que \u00abdurante el Gobierno de la alianza Cambiemos, la industria manufacturera experiment\u00f3 una contracci\u00f3n de su dotaci\u00f3n de 166.700 personas, es decir un retroceso del 13,3%\u00bb.<\/p>\n<p>Frente a ese escenario, y en contexto de pandemia, \u00abla actual gesti\u00f3n logr\u00f3 aumentar la cantidad de asalariados privados en 22.600 personas, un 2,1%, adem\u00e1s de que, desde la asunci\u00f3n de Alberto Fern\u00e1ndez al frente del Ejecutivo nacional, el empleo industrial creci\u00f3 en 13 de los 19 meses comprendidos entre enero de 2020 y julio \u00faltimo\u00bb.<\/p>\n<p>El economista destac\u00f3 lo ocurrido en la industria y resalt\u00f3 que \u00aba excepci\u00f3n de lo observado durante el pico de la pandemia, y durante el curso de la misma, se cre\u00f3 empleo a una velocidad importante\u00bb.<\/p>\n<p>\u00abLa ocupaci\u00f3n fabril contabiliza hoy 20.000 puestos de trabajo por encima de los niveles con que esta administraci\u00f3n asumi\u00f3 el gobierno nacional\u00bb, resalt\u00f3 el analista.<\/p>\n<p>En ese sentido,\u00a0Chouza agreg\u00f3 que \u00abes importante desarmar el mito de que se hayan perdido millones de puestos de trabajo en el \u00faltimo a\u00f1o\u00bb.<\/p>\n<p>Explic\u00f3:\u00a0\u00aben el segundo trimestre de 2020 tuvimos s\u00ed un impacto sobre 1.700.000 puestos, pero se trat\u00f3 de algo provisorio porque en ese n\u00famero ten\u00eda una fuerte incidencia todo el sector del empleo informal, que no pod\u00eda trabajar como consecuencia de las medidas de aislamiento obligatorio\u00bb.<\/p>\n<p>\u00abEs importante desarmar el mito de que se hayan perdido millones de puestos de trabajo en el \u00faltimo a\u00f1o\u00bb.\u00a0SERGIO CHOUZA, INVESTIGADOR DE LA UNDAV<\/p>\n<p>Sin embargo, \u00abdesde el tercer trimestre en adelante, esa curva empieza a levantar, y hoy en d\u00eda estamos levemente por arriba de diciembre de 2019\u00bb, asegur\u00f3.<\/p>\n<p>En el caso del empleo privado, dijo que \u00aba\u00fan se encuentra en niveles levemente por debajo de las cifras de ese mes, pero con una tendencia creciente tambi\u00e9n, con una din\u00e1mica gradual de recuperaci\u00f3n y crecimiento\u00bb.<\/p>\n<p>Respecto del segmento de trabajadores informales, y consultado sobre si es posible llevar adelante pol\u00edticas de registraci\u00f3n que disminuyan de manera acelerada los niveles de informalidad, Chouza sostuvo que \u00abla informalidad es un asunto pendiente, y antes, en 2015 o 2016, tal vez era el gran problema\u00bb.<\/p>\n<p>\u00abPero hoy no estamos cerca del pleno empleo como est\u00e1bamos en 2015,\u00a0en donde hab\u00eda que trabajar fuertemente la informalidad. Hoy, primero es necesario crear empleos, y en segundo lugar, que sean de calidad y con plenos derechos\u00bb, sintetiz\u00f3.<\/p>\n<p>Luego, continu\u00f3 Chouza, \u00abla segunda prioridad y absolutamente importante es la cuesti\u00f3n de la informalidad en el mercado laboral\u00bb, que se resuelve con pol\u00edticas de largo plazo: \u00abalgunas de car\u00e1cter m\u00e1s institucional y con un abordaje integral, aunque no hay soluciones m\u00e1gicas\u00bb.<\/p>\n<p>En definitiva, concluy\u00f3, \u00abel principal factor que moviliza la creaci\u00f3n de empleo en nuestra econom\u00eda es la actividad econ\u00f3mica, cuando esta est\u00e1 s\u00f3lida y crece de manera sostenida y no interrumpida por crisis coyunturales, el empleo acompa\u00f1a, con cierta elasticidad, pero crece\u00bb.<\/p>\n<h6>Fuente: telam<\/h6>\n","protected":false},"excerpt":{"rendered":"<p>As\u00ed lo cuanrtific\u00f3 un informe elaborado por el Observatorio de Pol\u00edticas P\u00fablicas de la Universidad Nacional de Avellaneda, desde el cual destacaron\u00a0el efecto favorable de las medidas dispuestas por el Gobierno.<\/p>\n","protected":false},"author":2,"featured_media":119334,"comment_status":"closed","ping_status":"closed","sticky":false,"template":"","format":"standard","meta":{"footnotes":""},"categories":[8],"tags":[21],"class_list":["post-119333","post","type-post","status-publish","format-standard","has-post-thumbnail","hentry","category-informe-nacional","tag-argentina"],"_links":{"self":[{"href":"http:\/\/argentinamunicipal.com.ar\/argentina\/wp-json\/wp\/v2\/posts\/119333","targetHints":{"allow":["GET"]}}],"collection":[{"href":"http:\/\/argentinamunicipal.com.ar\/argentina\/wp-json\/wp\/v2\/posts"}],"about":[{"href":"http:\/\/argentinamunicipal.com.ar\/argentina\/wp-json\/wp\/v2\/types\/post"}],"author":[{"embeddable":true,"href":"http:\/\/argentinamunicipal.com.ar\/argentina\/wp-json\/wp\/v2\/users\/2"}],"replies":[{"embeddable":true,"href":"http:\/\/argentinamunicipal.com.ar\/argentina\/wp-json\/wp\/v2\/comments?post=119333"}],"version-history":[{"count":0,"href":"http:\/\/argentinamunicipal.com.ar\/argentina\/wp-json\/wp\/v2\/posts\/119333\/revisions"}],"wp:featuredmedia":[{"embeddable":true,"href":"http:\/\/argentinamunicipal.com.ar\/argentina\/wp-json\/wp\/v2\/media\/119334"}],"wp:attachment":[{"href":"http:\/\/argentinamunicipal.com.ar\/argentina\/wp-json\/wp\/v2\/media?parent=119333"}],"wp:term":[{"taxonomy":"category","embeddable":true,"href":"http:\/\/argentinamunicipal.com.ar\/argentina\/wp-json\/wp\/v2\/categories?post=119333"},{"taxonomy":"post_tag","embeddable":true,"href":"http:\/\/argentinamunicipal.com.ar\/argentina\/wp-json\/wp\/v2\/tags?post=119333"}],"curies":[{"name":"wp","href":"https:\/\/api.w.org\/{rel}","templated":true}]}}