{"id":119342,"date":"2021-10-12T05:35:31","date_gmt":"2021-10-12T08:35:31","guid":{"rendered":"http:\/\/argentinamunicipal.com.ar\/argentina\/?p=119342"},"modified":"2021-10-11T20:09:56","modified_gmt":"2021-10-11T23:09:56","slug":"la-organizacion-internacional-del-trabajo-revela-que-la-flexibilidad-laboral-no-crea-empleo-registrado-en-latinoamerica","status":"publish","type":"post","link":"http:\/\/argentinamunicipal.com.ar\/argentina\/la-organizacion-internacional-del-trabajo-revela-que-la-flexibilidad-laboral-no-crea-empleo-registrado-en-latinoamerica\/","title":{"rendered":"La Organizaci\u00f3n Internacional del Trabajo revela que la flexibilidad laboral no crea empleo registrado en Latinoam\u00e9rica"},"content":{"rendered":"<p>Se realiz\u00f3 una comparaci\u00f3n entra el \u00edndice del Fraser Institue, centro libertario de investigaci\u00f3n, y los datos de la OIT y lo que queda a las claras es que la flexibilizaci\u00f3n laboral no genera m\u00e1s empleo registrado que es lo que sostiene la oposici\u00f3n.<\/p>\n<p>Unos d\u00edas antes de las PASO los dirigentes m\u00e1s importantes de Juntos por el Cambio salieron a pedir a viva voz una reforma laboral y eliminar las indemnizaciones con la falsa premisa de que eso va a generar m\u00e1s empleo registrado. Sin embargo, un estudio de la Organizaci\u00f3n Internacional del Trabajo (OIT) indica que los pa\u00edses con reg\u00edmenes m\u00e1s r\u00edgidos tienen m\u00e1s trabajadores en blanco.<\/p>\n<p>La oposici\u00f3n busca impulsar un proyecto de ley para eliminar la indemnizaci\u00f3n por despido y reemplazarla por un seguro de\u00a0desempleo, y se basan en un informe desarrollado por el\u00a0Fraser Institute, un centro de investigaci\u00f3n libertario de Canad\u00e1, que se\u00f1ala que\u00a0el resarcimiento por cesant\u00eda agrega rigidez a un contrato laboral, entre otras medidas que protegen al trabajador como son el salario m\u00ednimo, la negociaci\u00f3n colectiva, el l\u00edmite horario a la jornada de trabajo y el modo de reclutamiento. A partir de estos conceptos, el Fraser Institute elabora un \u00edndice por el cual mide cu\u00e1n flexible o r\u00edgido es un pa\u00eds en materia de regulaci\u00f3n laboral, seg\u00fan informa el\u00a0DiarioAr.<\/p>\n<p>Lo que m\u00e1s llama la atenci\u00f3n es que, al menos en Latinoam\u00e9rica, los pa\u00edses m\u00e1s flexibles no son los que crean m\u00e1s empleo en blanco sino que en varios casos cuentan con altos \u00edndices de trabajo informal y desocupaci\u00f3n.\u00a0Por ejemplo: Per\u00fa lidera el ranking de flexibilidad con 6,9 puntos, sin embargo, el 67,8% de sus trabajadores, tanto en relaci\u00f3n de dependencia como independientes, est\u00e1n en negro y el desempleo alcanza al 7,5%, seg\u00fan los \u00faltimos datos de la Organizaci\u00f3n Internacional del Trabajo (OIT)<\/p>\n<p>En comparaci\u00f3n con Per\u00fa, la Argentina est\u00e1 novena entre los 18 pa\u00edses evaluados en Latinoam\u00e9rica por el Fraser, con 5,1 puntos, y tiene menos trabajo informal, un 47,9%, aunque m\u00e1s desocupaci\u00f3n, un 10,2%.<\/p>\n<p>Despu\u00e9s de Per\u00fa aparece Rep\u00fablica Dominicana, con 6,1 puntos, con un un trabajo en negro del 52,7% y un desempleo del 8%. El podio de la flexibilidad lo completa Costa Rica, con 6 puntos, un empleo no registrado del 38%, pero una desocupaci\u00f3n del 18%.<\/p>\n<p>De acuerdo a este \u00edndice, los pa\u00edses con m\u00e1s trabajo en blanco de Latinoam\u00e9rica son: Uruguay, con el 22,6% de empleo en negro y un indicador de flexibilidad laboral de 5,9 puntos, el cuarto m\u00e1s alto de la regi\u00f3n; Panam\u00e1, con 25,7% y Chile, con 27,2%, ambos con 5 puntos, tienen marcos laborales un poco m\u00e1s que r\u00edgidos que el de la Argentina.<\/p>\n<p>\u00abNo me sorprende que no exista correlaci\u00f3n entre flexibilidad, desempleo e informalidad. Acotar la discusi\u00f3n a la legislaci\u00f3n laboral tiene dos implicancias: por un lado, implica un avance sobre las condiciones laborales del 50% que todav\u00eda tiene cierta cobertura en materia de derechos sin ning\u00fan efecto positivo sobre el resto; por el otro, oculta la necesidad de discutir sobre las causas estructurales que impiden una mayor creaci\u00f3n de puestos de trabajo y una formalizaci\u00f3n de los existentes\u00bb, afirma\u00a0Luis Campos, coordinador del Observatorio del Derecho Social de la Central de Trabajadores de la Argentina (CTA), en di\u00e1logo con el periodista\u00a0Alejandro Rebossio.<\/p>\n<p>En este sentido, agrega: \u201cLamentablemente no hay respuestas f\u00e1ciles: ten\u00e9s que meterte con la estructura productiva y los problemas que se derivan de un proceso de simplificaci\u00f3n y reprimarizaci\u00f3n de la econom\u00eda, donde el sector competitivo es capital intensivo, por lo que demanda poca fuerza de trabajo, mientras que los sectores no competitivos s\u00f3lo pueden subsistir con una fuerte protecci\u00f3n, insostenible en el largo plazo, y con bajos salarios, o un d\u00f3lar alto, lo que es m\u00e1s o menos lo mismo\u00bb.<\/p>\n<p>Hace pocos d\u00edas, Campos en un hilo de Twitter explic\u00f3 que \u00aben los \u00faltimos 13 a\u00f1os la industria de la construcci\u00f3n\u00bb, donde rige el seguro de desempleo en lugar de la indemnizaci\u00f3n, tal como propone Juntos por el Cambio para toda la econom\u00eda, \u00abno cre\u00f3 m\u00e1s empleos que el resto de las actividades\u00bb.<\/p>\n<p>Por su parte, Mat\u00edas Maito, director del centro de Capacitaci\u00f3n y Estudios sobre Trabajo y Desarrollo (CETyD) de la Universidad de San Mart\u00edn, advierte de que \u00abno hay evidencia a nivel global ni muchos menos en la Argentina que confirme que a mayor flexibilizaci\u00f3n laboral mejoren los niveles de empleo y la formalidad\u00bb.<\/p>\n<p>\u00abDe hecho, la experiencia reciente en nuestro pa\u00eds podr\u00eda confirmar lo contrario: en los 90 se avanz\u00f3 en esquemas de flexibilizaci\u00f3n y aumentaron el desempleo y la informalidad. En los \u00faltimos a\u00f1os, si bien no se aprobaron normas de flexibilizaci\u00f3n, s\u00ed se produjo una flexibilizaci\u00f3n de hecho y una reducci\u00f3n enorme de costos laborales, el salario perdi\u00f3 20% de poder adquisitivo, y eso no redund\u00f3 ni en mayores niveles de empleo ni formalidad sino todo lo contrario.\u00a0En las \u00faltimas d\u00e9cadas, el momento de mayor generaci\u00f3n de empleo y descenso m\u00e1s acentuado de la informalidad fue entre 2003 y 2008, cuando se revirti\u00f3 parte de las normas de flexibilizaci\u00f3n. Un empresario toma trabajadores si la econom\u00eda crece, no si los costos laborales son bajos o la mano de obra es flexible. \u00bfLa mejor manera de que la econom\u00eda crezca es con trabajadores flexibilizados y con salarios bajos? Con flexibilizaci\u00f3n s\u00f3lo aumenta la desigualdad y la inestabilidad y empeora la situaci\u00f3n de los trabajadores\u00bb, remarca.<\/p>\n<p>Maito apunta que: \u00abEn su libro &#8217;23 cosas que no te cuentan sobre el capitalismo&#8217;, el economista surcoreano Ha-Joon Chang alerta que en el mundo en nombre de la &#8216;flexibilidad del mercado laboral&#8217; se ha desestabilizado el empleo y con \u00e9l, muchas vidas\u00bb.<\/p>\n<p>Puesto como ejemplo por la oposici\u00f3n, el jefe de la Uni\u00f3n Obrera de la Construcci\u00f3n (UOCRA),\u00a0Gerardo Mart\u00ednez, admite que\u00a0\u00aben el mundo el auge de la deslocalizaci\u00f3n del trabajo, el poder corporativo de las empresas transnacionales, la tercerizaci\u00f3n y las formas at\u00edpicas de empleos en sus formas m\u00e1s contempor\u00e1neas, como en las econom\u00edas de plataformas, interpelan el modelo industrial de pleno empleo caracterizado por la relaci\u00f3n de dependencia cl\u00e1sica\u00bb.<\/p>\n<p>Mart\u00ednez, quien es delegado de la CT ante la OIT, analiz\u00f3 los datos de trabajo informal y desempleo de Latinoam\u00e9rica: \u00abSe observar\u00eda la independencia de estos indicadores de los mayores o menores niveles de regulaciones nacionales. Durante los 90 en la Argentina se produjeron desregulaciones en el comercio, la industria y el Estado, as\u00ed como reformas en la Seguridad Social que implicaron una reducci\u00f3n de los aportes patronales, que, lejos de redundar en la baja de la tasa de desempleo, la duplicaron. El abordaje riguroso de la problem\u00e1tica de la calidad de empleo requiere de pol\u00edticas que permitan la expansi\u00f3n de la frontera productiva, aumento de la demanda agregada, sin que esto suponga una soluci\u00f3n a partir de la eliminaci\u00f3n de derechos de los trabajadores\u00bb.<\/p>\n<p>En el 2019, cuando se cumplieron 100 a\u00f1os de la OIT, se acord\u00f3 all\u00ed que sus tres objetivos centrales fueran los aumentos de las inversiones en \u00ablas capacidades de las personas, en las instituciones del trabajo y en el trabajo decente y sostenible\u00bb.<\/p>\n<p>En el Ministerio de Trabajo, que conduce\u00a0Claudio Moroni, se limitaron a criticar el \u00edndice del Fraser Institute por \u00abproblemas metodol\u00f3gicos\u00bb y no analizaron su impacto en el empleo en Latinoam\u00e9rica. Cuestionaron que ese think tank valorara como positivo la m\u00e1xima duraci\u00f3n de los contratos temporarios, su utilizaci\u00f3n para actividades regulares o que los pasantes o los j\u00f3venes que debuten en el mercado de trabajo reciban menos que un salario m\u00ednimo, lo que, seg\u00fan Trabajo, \u00abatenta contra el principio de la OIT acerca de &#8216;igual paga para igual tarea'\u00bb.<\/p>\n<h6>Fuente: Minuto UNo<\/h6>\n","protected":false},"excerpt":{"rendered":"<p>Se realiz\u00f3 una comparaci\u00f3n entra el \u00edndice del Fraser Institue, centro libertario de investigaci\u00f3n, y los datos de la OIT y lo que queda a las claras es que la flexibilizaci\u00f3n laboral no genera m\u00e1s empleo registrado que es lo que sostiene la oposici\u00f3n.<\/p>\n","protected":false},"author":2,"featured_media":119343,"comment_status":"closed","ping_status":"closed","sticky":false,"template":"","format":"standard","meta":{"footnotes":""},"categories":[8],"tags":[21],"class_list":["post-119342","post","type-post","status-publish","format-standard","has-post-thumbnail","hentry","category-informe-nacional","tag-argentina"],"_links":{"self":[{"href":"http:\/\/argentinamunicipal.com.ar\/argentina\/wp-json\/wp\/v2\/posts\/119342","targetHints":{"allow":["GET"]}}],"collection":[{"href":"http:\/\/argentinamunicipal.com.ar\/argentina\/wp-json\/wp\/v2\/posts"}],"about":[{"href":"http:\/\/argentinamunicipal.com.ar\/argentina\/wp-json\/wp\/v2\/types\/post"}],"author":[{"embeddable":true,"href":"http:\/\/argentinamunicipal.com.ar\/argentina\/wp-json\/wp\/v2\/users\/2"}],"replies":[{"embeddable":true,"href":"http:\/\/argentinamunicipal.com.ar\/argentina\/wp-json\/wp\/v2\/comments?post=119342"}],"version-history":[{"count":0,"href":"http:\/\/argentinamunicipal.com.ar\/argentina\/wp-json\/wp\/v2\/posts\/119342\/revisions"}],"wp:featuredmedia":[{"embeddable":true,"href":"http:\/\/argentinamunicipal.com.ar\/argentina\/wp-json\/wp\/v2\/media\/119343"}],"wp:attachment":[{"href":"http:\/\/argentinamunicipal.com.ar\/argentina\/wp-json\/wp\/v2\/media?parent=119342"}],"wp:term":[{"taxonomy":"category","embeddable":true,"href":"http:\/\/argentinamunicipal.com.ar\/argentina\/wp-json\/wp\/v2\/categories?post=119342"},{"taxonomy":"post_tag","embeddable":true,"href":"http:\/\/argentinamunicipal.com.ar\/argentina\/wp-json\/wp\/v2\/tags?post=119342"}],"curies":[{"name":"wp","href":"https:\/\/api.w.org\/{rel}","templated":true}]}}