{"id":119360,"date":"2021-10-12T05:24:02","date_gmt":"2021-10-12T08:24:02","guid":{"rendered":"http:\/\/argentinamunicipal.com.ar\/argentina\/?p=119360"},"modified":"2021-10-11T20:28:36","modified_gmt":"2021-10-11T23:28:36","slug":"el-senado-santafesino-debate-subsidiar-a-las-cooperativas-electricas","status":"publish","type":"post","link":"http:\/\/argentinamunicipal.com.ar\/argentina\/el-senado-santafesino-debate-subsidiar-a-las-cooperativas-electricas\/","title":{"rendered":"El Senado santafesino debate subsidiar a las cooperativas el\u00e9ctricas"},"content":{"rendered":"<p>Los cooperativistas lo plantearon cuando se discuti\u00f3 el \u00faltimo aumento de la Epe y ahora vuelven a la carga. \u00bfPor qu\u00e9 los usuarios de ese sector no cuentan con los beneficios del tesoro que llegan a la empresa estatal?<\/p>\n<p>En la Comisi\u00f3n de Asuntos Constitucionales del Senado provincial se desarroll\u00f3 una extensa reuni\u00f3n con representantes de cooperativas que prestan el servicio de distribuci\u00f3n de energ\u00eda el\u00e9ctrica en distintas ciudades de la provincia, as\u00ed como de la Empresa Provincial de la Energ\u00eda.<\/p>\n<p>En esa instancia de la C\u00e1mara alta se encuentra un proyecto de ley que busca equiparar a los usuarios del sector cooperativo con los que tienen los clientes de la Epe, a la que llegan fondos p\u00fablicos provinciales.<\/p>\n<p>El tema fue parte del debate que en abril dispuso el \u00faltimo aumento de tarifas de la compa\u00f1\u00eda el\u00e9ctrica estatal. All\u00ed, en una audiencia p\u00fablica virtual, los directivos de las dos federaciones que nuclean a las 60 entidades cooperativas que prestan ese servicio advirtieron que de la simple lectura del presupuesto de la Epe se pod\u00eda advertir que un 20% de su plan de obras cuenta con recursos estatales a los que aportan todos los santafesinos, tambi\u00e9n los usuarios de las cooperativas que no reciben el mismo trato. El sector carece de subsidios para otorgar tarifas sociales y desde hace d\u00e9cadas reclama el cese de la discriminaci\u00f3n. El objetivo es que alguna vez exista una tarifa el\u00e9ctrica plana en toda la provincia, tanto para los usuarios de la Epe como del segmento cooperativo.<\/p>\n<p>El proyecto de ley fue presentado por el senador Lisandro Enrico (UCR-General L\u00f3pez) y declara de inter\u00e9s p\u00fablico al servicio prestado por dichas cooperativas y la equiparaci\u00f3n de las condiciones del suministro de energ\u00eda que prestan a las de la Epe<\/p>\n<p>\u00abNo hay ninguna raz\u00f3n que justifique la exclusi\u00f3n de los usuarios de las cooperativas el\u00e9ctricas respecto de los beneficios que reciben los usuarios de la Epe\u00bb, sintetiz\u00f3 Enrico.<\/p>\n<p><strong>Consenso<\/strong><\/p>\n<p>Presidida por el titular de la comisi\u00f3n, Joaqu\u00edn Gramajo (PJ-Nes-9 de Julio), en el recinto de la C\u00e1mara se escucharon exposiciones de representantes del Directorio de la Epe y a dirigentes cooperativos. Un parte de prensa oficial destaca que la iniciativa del radical cuenta con un amplio consenso de los distintos bloques.<\/p>\n<p>Seg\u00fan establece en su articulado, el proyecto apunta a que todo beneficio que otorgue el Estado Provincial sobre la tarifa o el consumo de energ\u00eda el\u00e9ctrica de un grupo determinado de usuarios, ya sea mediante descuentos o bonificaciones o disminuci\u00f3n de cualquier tipo, debe ser instrumentado en las localidades donde se radiquen los usuarios del grupo beneficiario con prescindencia de si el servicio de suministro de energ\u00eda el\u00e9ctrica es prestado a dichos usuarios por la Epe o por una cooperativa. La condici\u00f3n es que la \u00faltima act\u00fae como subdistribuidora de ese suministro.<\/p>\n<p>El encuentro se llev\u00f3 a cabo el jueves 9 por la ma\u00f1ana. Gramajo expuso los fundamentos de la propuesta y los distintos legisladores presentes expusieron su postura. En todas las intervenciones, resaltaron la necesidad de hacer realidad el principio de igualdad y uniformidad en la prestaci\u00f3n del servicio de energ\u00eda el\u00e9ctrica, independientemente de qui\u00e9n fuera el prestador.<\/p>\n<p>Adem\u00e1s agradecieron y reconocieron el enorme trabajo y esfuerzo que realizan las cooperativas en las distintas localidades para cubrir las necesidades de este servicio b\u00e1sico a\u00fan con las dificultades financieras que aquejan a muchas de ellas.<\/p>\n<p>Los representantes de la EPE expresaron su voluntad pol\u00edtica de continuar trabajando para equiparar las desigualdades existentes entre sus usuarios y los de las cooperativas de energ\u00eda el\u00e9ctrica.<\/p>\n<p><strong>Propuestas<\/strong><\/p>\n<p>Quienes representan al estamento cooperativo agradecieron ser escuchados y continuar\u00e1n trabajando en la soluci\u00f3n que se propone hasta tanto se pueda lograr un marco regulatorio general de la energ\u00eda para la provincia con un fondo compensador a cargo del Estado provincial.<\/p>\n<p>Desde la comisi\u00f3n se les solicit\u00f3 que eleven las propuestas que estimen correspondan al proyecto en an\u00e1lisis a fin de dar dictamen a un texto consensuado que sirva a las necesidades de todos los involucrados y sea operativo.<\/p>\n<p><strong>Presentes<\/strong><\/p>\n<p>Entre los senadores presentes, adem\u00e1s de los mencionados, estuvieron del bloque Juan Domingo Per\u00f3n, su presidente Armando Traferri (San Lorenzo), Jos\u00e9 Baucero (San Javier), Osvaldo Sosa (Vera) y Guillermo Cornaglia (Belgrano). Tambi\u00e9n los radicales Orfilio Marc\u00f3n (General Obligado) y Germ\u00e1n Giacomino (Constituci\u00f3n), as\u00ed como el titular del bloque del oficialismo Lealtad, Alcides Calvo (Castellanos).<\/p>\n<p>En representaci\u00f3n de la Empresa Provincial de la Energ\u00eda participaron: Gisela Wild (vocal), Jorge Tarchini (gerente) y Gabriel Constantin (Jefe \u00e1rea grandes usuarios).<\/p>\n<p>Por parte de la Federaci\u00f3n Santafesina de Cooperativas de Electricidad, Obras y Servicios P\u00fablicos Limitada. (Fescoe) estuvieron presentes Vicente J. Losada (presidente), Federico P. Ferrero (vicepresidente) y Germ\u00e1n Casalino (gerente). Por la Federaci\u00f3n Argentina de Cooperativas de Electricidad y Otros Servicios P\u00fablicos Ltda. (Face) participaron Omar Zorzenon y Maimonides Joaqu\u00edn Roquero.<\/p>\n<p>Por la Cooperativa El\u00e9ctrica de Venado Tuerto, Alberto Corradini y por la Cooperativa Integral de Villa Gobernador G\u00e1lvez Ltda., Mar\u00eda de los Angeles Gomara.<\/p>\n<p><strong>El 10% del mercado santafesino<\/strong><\/p>\n<p>Hasta abril de 2021 pasaron dos a\u00f1os sin aumentos en las boletas de la Empresa Provincial de la Energ\u00eda, que se sostuvieron \u2013en gran medida- con endeudamiento por los megavatios impagos en el nivel mayorista (durante buena parte de 2020). Se llegaron a sumar unos $ 15 mil millones en rojo, que ya se encuentran bajo un plan de regularizaci\u00f3n de pagos extremadamente conveniente para la Provincia. Pero tambi\u00e9n fue posible no tocar las tarifas de la Epe porque hubo aportes del Tesoro Provincial para la empresa estatal: algunos hist\u00f3ricos para sectores sociales empobrecidos y beneficios a jubilados, y otros m\u00e1s recientes, para obras.<\/p>\n<p>A esas realidades (que no tienen del todo mensuradas) se refirieron en sus intervenciones de la audiencia p\u00fablica de la Epe, en abril pasado, los dos representantes de las federaciones de las cooperativas el\u00e9ctricas santafesinas. Ambas suman 60 entidades de este tipo que, aproximadamente, distribuyen un diez por ciento del mercado el\u00e9ctrico de la bota.<\/p>\n<p>Por la Federaci\u00f3n Santafesina de Cooperativas El\u00e9ctricas, Obras y Servicios P\u00fablicos, Federico Ferrero dijo que hist\u00f3ricamente existen aportes del tesoro provincial a la Epe para sostener por ejemplo un congelamiento de tarifas como el de 2019 en adelante, o \u00abpara mitigar el impacto de la suba de las tarifas en alg\u00fan un sector, como puede ser el caso de los clubes, los parques industriales, adem\u00e1s de la tarifa social para jubilados y sectores vulnerables\u00bb.<\/p>\n<p>En tanto, por la Federaci\u00f3n Argentina de Cooperativas de Energ\u00eda, Maim\u00f3nides Joaqu\u00edn Roquero se\u00f1al\u00f3 que se debe pensar en planes para alcanzar \u00abuna tarifa plana\u00bb en la provincia, que logre armonizar las diferencias de costos de distribuci\u00f3n que tienen la Epe y las distintas cooperativas, lo que implica crear \u00abun fondo compensador\u00bb que equipare para el sector cooperativo los subsidios del sector p\u00fablico a la empresa estatal.<\/p>\n<p>Expresaron que apoyan el objetivo de \u00abdar fin a las desigualdades\u00bb entre los usuarios seg\u00fan la calidad del servicio, lo que deber\u00eda estar contenido en un marco regulatorio para el sector y bajo la autoridad de un ente regulador y solicitaron que lo mismo se aplique a las diferencias que desde el Estado se crea entre la Epe y las entidades cooperativas.<\/p>\n<p>Ofrecieron un \u00abtrabajo conjunto\u00bb para buscar y una mayor equidad entre los usuarios de la Epe y los asociados de esas entidades con los que \u00abpodamos garantizar igualdad de condiciones en el servicio el\u00e9ctrico entre todos los habitantes de la provincia\u00bb que \u00abcon Epe Social y otros beneficios tarifarios se crean conceptos por varios millones de pesos\u00bb.<\/p>\n<p>En medio de la segunda ola dela pandemia, destacaron el convenio que hizo Epe con cooperativas para pasar el mal momento y subrayaron que esas condiciones de financiaci\u00f3n para el pago de la energ\u00eda a subdistribuir \u00abfue el \u00fanico caso del pa\u00eds\u00bb.<\/p>\n<h6>Fuente: El Litoral<\/h6>\n","protected":false},"excerpt":{"rendered":"<p>Los cooperativistas lo plantearon cuando se discuti\u00f3 el \u00faltimo aumento de la Epe y ahora vuelven a la carga. \u00bfPor qu\u00e9 los usuarios de ese sector no cuentan con los beneficios del tesoro que llegan a la empresa estatal?<\/p>\n","protected":false},"author":2,"featured_media":119361,"comment_status":"closed","ping_status":"closed","sticky":false,"template":"","format":"standard","meta":{"footnotes":""},"categories":[4],"tags":[10],"class_list":["post-119360","post","type-post","status-publish","format-standard","has-post-thumbnail","hentry","category-informe-politico","tag-santa-fe"],"_links":{"self":[{"href":"http:\/\/argentinamunicipal.com.ar\/argentina\/wp-json\/wp\/v2\/posts\/119360","targetHints":{"allow":["GET"]}}],"collection":[{"href":"http:\/\/argentinamunicipal.com.ar\/argentina\/wp-json\/wp\/v2\/posts"}],"about":[{"href":"http:\/\/argentinamunicipal.com.ar\/argentina\/wp-json\/wp\/v2\/types\/post"}],"author":[{"embeddable":true,"href":"http:\/\/argentinamunicipal.com.ar\/argentina\/wp-json\/wp\/v2\/users\/2"}],"replies":[{"embeddable":true,"href":"http:\/\/argentinamunicipal.com.ar\/argentina\/wp-json\/wp\/v2\/comments?post=119360"}],"version-history":[{"count":0,"href":"http:\/\/argentinamunicipal.com.ar\/argentina\/wp-json\/wp\/v2\/posts\/119360\/revisions"}],"wp:featuredmedia":[{"embeddable":true,"href":"http:\/\/argentinamunicipal.com.ar\/argentina\/wp-json\/wp\/v2\/media\/119361"}],"wp:attachment":[{"href":"http:\/\/argentinamunicipal.com.ar\/argentina\/wp-json\/wp\/v2\/media?parent=119360"}],"wp:term":[{"taxonomy":"category","embeddable":true,"href":"http:\/\/argentinamunicipal.com.ar\/argentina\/wp-json\/wp\/v2\/categories?post=119360"},{"taxonomy":"post_tag","embeddable":true,"href":"http:\/\/argentinamunicipal.com.ar\/argentina\/wp-json\/wp\/v2\/tags?post=119360"}],"curies":[{"name":"wp","href":"https:\/\/api.w.org\/{rel}","templated":true}]}}