{"id":119363,"date":"2021-10-12T05:31:04","date_gmt":"2021-10-12T08:31:04","guid":{"rendered":"http:\/\/argentinamunicipal.com.ar\/argentina\/?p=119363"},"modified":"2021-10-11T20:35:39","modified_gmt":"2021-10-11T23:35:39","slug":"la-mitad-del-gran-santa-fe-bajo-la-linea-de-la-pobreza-es-necesario-saber-quienes-son-esos-pobres","status":"publish","type":"post","link":"http:\/\/argentinamunicipal.com.ar\/argentina\/la-mitad-del-gran-santa-fe-bajo-la-linea-de-la-pobreza-es-necesario-saber-quienes-son-esos-pobres\/","title":{"rendered":"La mitad del Gran Santa Fe bajo la l\u00ednea de la pobreza: \u00abEs necesario saber qui\u00e9nes son esos pobres\u00bb"},"content":{"rendered":"<p>El licenciado en sociolog\u00eda, Pablo Amsler, analiz\u00f3 la situaci\u00f3n del \u00e1rea metropolitana de Santa Fe y dijo que es necesario \u00absaber qui\u00e9nes son esos pobres\u00bb para dise\u00f1ar las pol\u00edticas p\u00fablicas para revertir la situaci\u00f3n<\/p>\n<p>En el \u00faltimo d\u00eda de septiembre el Instituto Nacional de Estad\u00edstica y Censos (Indec) dio a conocer los datos de pobreza del primer semestre de 2021 y ubic\u00f3 al Gran Santa Fe, con el 50,5 por ciento de la poblaci\u00f3n por debajo de la l\u00ednea de pobreza, como el tercer conglomerado del pa\u00eds con m\u00e1s pobres. Solo Concordia (56,1%) y el Gran Resistencia (51,9%) muestran una realidad m\u00e1s dura.<\/p>\n<p>El licenciado en sociolog\u00eda por la UNL, Pablo Amsler, dialog\u00f3 con UNO Santa Fe y aclar\u00f3 que por el momento lo que no se puede saber es\u00a0\u00abqui\u00e9nes son esos pobres\u00bb\u00a0porque falta que el Indec publique informaci\u00f3n m\u00e1s detallada. \u00abSabemos la distinci\u00f3n seg\u00fan edad y g\u00e9nero, por eso podemos saber que el impacto fue m\u00e1s grande en la poblaci\u00f3n m\u00e1s joven.\u00a0Hoy el salto de la pobreza en la ciudad de Santa Fe se da por encima de la media nacional, siendo que siempre fue inferior.\u00a0Lo mismo sucede con el desempleo\u00bb, remarc\u00f3 el doctorando en estudios sociales del IHUCSO UNL y becario doctoral IHUCSO-UNL-Conicet.<br \/>\nAmsler puso el acento en un punto que es que \u00abla pobreza aumenta de manera muy preocupante en el Gran Santa Fe y eso no sucede a nivel nacional ni en el Gran Buenos Aires.\u00a0Hoy Santa Fe es el tercer aglomerado con mayor \u00edndice de pobreza\u00bb.<\/p>\n<p>\u00abEl Indec todav\u00eda no public\u00f3 el segundo trimestre de 2021, eso no nos permite describir qui\u00e9nes est\u00e1n dentro de la pobreza. De acuerdo a las proyecciones uno puede hipotetizar y lo primero que podemos decir es que los ingresos no crecieron por encima de la inflaci\u00f3n. La canasta aumenta en mayor proporci\u00f3n y se come a un sector de la poblaci\u00f3n cuyos ingresos no aumentaron lo suficiente para poder acceder a ese grupo de bienes y servicios que conforman la Canasta B\u00e1sica total\u00bb, analiz\u00f3.<\/p>\n<p>En el primer semestre, en el Gran Santa Fe uno de cada dos j\u00f3venes de entre 18 y 30 a\u00f1os, est\u00e1n en la informalidad y ese porcentaje aumenta en los varones hasta el 60 por ciento.\u00a0\u00abEso implica \u2013explic\u00f3 Amsler\u2013 que ante cualquier coyuntura econ\u00f3mica m\u00e1s o menos adversa est\u00e9n mucho m\u00e1s expuestos al desempleo y a la p\u00e9rdida de derechos laborales. Adem\u00e1s los niveles de ingresos son preocupantes, y eso es lo que define qui\u00e9nes son pobres y qui\u00e9nes no en un per\u00edodo\u00bb.<\/p>\n<p>Una de las preguntas a las que es dif\u00edcil encontrarle respuesta es c\u00f3mo un conglomerado como el del Gran Santa Fe puede pensar soluciones a un problema que tiene variables macroecon\u00f3micas determinantes y que no est\u00e1n a su alcance resolverlas como la inflaci\u00f3n, el tipo de cambio, entre otras. Al respecto, Amsler dijo: \u00abNosotros nos preguntamos todo el tiempo eso porque las pol\u00edticas distributivas de los ingresos, en general, son de competencia nacional. Pero tambi\u00e9n nos preguntamos, si son variables nacionales c\u00f3mo puede ser que en el Gran Buenos Aires disminuya la pobreza y en el Gran Santa Fe aumente\u00bb.<\/p>\n<p>Para Amsler Santa Fe tiene caracter\u00edsticas que la dejan bien ubicada a nivel nacional, como los niveles de informalidad que son m\u00e1s bajos que la media nacional y tiene un fuerte v\u00ednculo del empleo con el sector p\u00fablico que le da una mayor estabilidad y seguridad econ\u00f3mica,. Tambi\u00e9n destaca que los niveles de ingresos son relativamente altos respecto a otras jurisdicciones.<\/p>\n<p>\u00abPor eso nos preguntamos por qu\u00e9 en Santa Fe se da ese salto en la pobreza y qu\u00e9 pol\u00edticas se pueden pensar a nivel local para atenuar el impacto.\u00a0Lo primero que necesitamos es conocer bien qui\u00e9nes est\u00e1n en la pobreza, son hombres, son mujeres, a qu\u00e9 se dedican. Dentro de ese 50,5 por ciento que est\u00e1 debajo de la l\u00ednea de la pobreza hay una poblaci\u00f3n muy diversa\u00bb, explic\u00f3.<\/p>\n<p>\u00abEstos saltos tan impactantes en el aglomerado Gran Santa Fe \u2013continu\u00f3\u2013, que no se dan en el Gran Rosario, hay que pensar por qu\u00e9 se dan ac\u00e1.\u00a0En el segundo trimestre de 2020, cuando arrancan las medidas de aislamiento, lo que vimos fue c\u00f3mo salt\u00f3 el desempleo en Santa Fe respecto de otros aglomerados.\u00a0Ac\u00e1 pas\u00f3 del 7 al 20 por ciento. Una locura.\u00a0Mientras que en Rosario pas\u00f3 del 6 al 12 por ciento. En Santa Fe eso fue disminuyendo, pero no volvi\u00f3 a los niveles prepandemia\u00bb.<\/p>\n<p>En ese sentido, Amsler sostiene que hay que analizar entre las personas econ\u00f3micamente activas qui\u00e9nes est\u00e1n dentro de los niveles de pobreza, saber a qu\u00e9 se dedican, si son empleados o cuentapropistas, entre otras variables.<\/p>\n<p>\u00abHoy hay empleados formales que no alcanzan a cubrir la Canasta B\u00e1sica total.\u00a0Mientras que en los momentos de crisis el cuentapropismo absorbe un mont\u00f3n de empleados informales que no consiguen trabajo en relaci\u00f3n de dependencia y eso se termina transformando en un cuentapropismo no calificado que ser\u00eda mucho m\u00e1s inestable y con menores ingresos\u00bb, sostuvo.<\/p>\n<p><strong>La intervenci\u00f3n del Estado<\/strong><br \/>\nEl licenciado en sociolog\u00eda aclara que el Gran Santa Fe tiene un n\u00facleo de pobreza estructural que ronda el 20 al 25 por ciento que subsiste hasta en las mejores coyunturas econ\u00f3micas.\u00a0\u00abPero hoy \u2013remarc\u00f3\u2013 tenemos nuevos pobres que se fueron sumando y necesitamos saber qui\u00e9nes son para poder pensar en pol\u00edticas econ\u00f3micas espec\u00edficas ya sean de Naci\u00f3n, Provincia o la Municipalidad\u00bb.<\/p>\n<p>\u00abEn los lugares con una pobreza mucho m\u00e1s emergente en los \u00faltimos tiempos se deber\u00edan establecer un v\u00ednculo de las pol\u00edticas nacionales que tienen un presupuesto mayor, pero con focalizaci\u00f3n de acuerdo a cada territorio\u00bb, propuso Amsler ante la consulta de c\u00f3mo se puede salir de una situaci\u00f3n cr\u00edtica como la que atraviesa el Gran Santa Fe.<\/p>\n<p>El aglomerado Gran Santa Fe es uno de los m\u00e1s grandes del pa\u00eds y hoy es el tercero m\u00e1s pobre. \u00abNo s\u00e9 si alguna vez en la historia pas\u00f3 esto\u00bb, dijo Amsler y aclar\u00f3 que \u00abesto va variando de acuerdo a la coyuntura\u00bb pero que eso tambi\u00e9n \u00abhabla de la inestabilidad de un sector de la poblaci\u00f3n que a veces queda dentro de los niveles de la pobreza y en otras mediciones sale\u00bb.<\/p>\n<p>Los n\u00fameros que public\u00f3 el Indec tienen que ver con la pobreza medida de acuerdo a los ingresos personales. Despu\u00e9s hay otras formas de medir la pobreza vinculadas a cuestiones de h\u00e1bitat, vivienda, educaci\u00f3n y que tienen que ver con inversiones que el Estado puede hacer a largo plazo para mejorar las condiciones de bienestar de la poblaci\u00f3n.<\/p>\n<p>\u00abComo la pobreza medida por el Indec tiene que ver con los ingresos \u2013argument\u00f3 Amsler\u2013, el Estado en sus diferentes niveles, con un programa fuerte de transferencia de ingresos, puede modificar la situaci\u00f3n de pobreza permiti\u00e9ndoles a las personas acceder a un conjunto de bienes y servicios que est\u00e1n dentro de la Canasta B\u00e1sica total. El tema es que los ingresos est\u00e1n corriendo por detr\u00e1s de la inflaci\u00f3n. Ese es el problema\u00bb.<\/p>\n<p>En el an\u00e1lisis tampoco se puede soslayar el impacto que tuvo la pandemia en lo social y en lo econ\u00f3mico.\u00a0En base a un proyecto del Ministerio de Ciencia y T\u00e9cnica de la Naci\u00f3n Amsler junto a un equipo de trabajo form\u00f3 parte de un Programa de Investigaci\u00f3n para la Sociedad Argentina Contempor\u00e1nea (Pisac Covid) para evaluar ese impacto de la pandemia. Uno de los aspectos que se estudiaron fue la incidencia o no de los programas nacionales como el ATP y el IFE para atenuar el impacto de la pandemia en los hogares y las empresas.<\/p>\n<p>El IFE fue una pol\u00edtica del gobierno nacional que estuvo vigente durante los meses m\u00e1s complicados por las restricciones en 2020. Sin embargo, el Ingreso Familiar de Emergencia que lleg\u00f3 a alcanzar a unas 9 millones de personas en el pa\u00eds se termin\u00f3 a fines del a\u00f1o pasado. Durante 2021 el avance de la vacunaci\u00f3n permiti\u00f3 la baja de contagios e internaciones. Eso se tradujo en que varias actividades econ\u00f3micas recuperen niveles de actividad. Sin embargo, hay otras que a\u00fan no lograron llegar a la situaci\u00f3n previa a la pandemia.<\/p>\n<p>Con el 50,5 por ciento de la poblaci\u00f3n bajo la l\u00ednea de la pobreza, el Gran Santa Fe hoy est\u00e1 casi 10 puntos por encima de la media nacional (40,6 por ciento).\u00a0Adem\u00e1s, tuvo un crecimiento de la pobreza del 10,7 por ciento en tan s\u00f3lo seis meses. Esos datos surgen de la comparaci\u00f3n de los n\u00fameros del segundo semestre de 2020 y el primero del 2021. Ahora el Estado, en todos sus niveles, tiene que articular las pol\u00edticas necesarias para revertir la situaci\u00f3n.<\/p>\n<h6>Fuente: Uno<\/h6>\n","protected":false},"excerpt":{"rendered":"<p>El licenciado en sociolog\u00eda, Pablo Amsler, analiz\u00f3 la situaci\u00f3n del \u00e1rea metropolitana de Santa Fe y dijo que es necesario \u00absaber qui\u00e9nes son esos pobres\u00bb para dise\u00f1ar las pol\u00edticas p\u00fablicas para revertir la situaci\u00f3n<\/p>\n","protected":false},"author":2,"featured_media":119364,"comment_status":"closed","ping_status":"closed","sticky":false,"template":"","format":"standard","meta":{"footnotes":""},"categories":[2],"tags":[10],"class_list":["post-119363","post","type-post","status-publish","format-standard","has-post-thumbnail","hentry","category-informe-municipal","tag-santa-fe"],"_links":{"self":[{"href":"http:\/\/argentinamunicipal.com.ar\/argentina\/wp-json\/wp\/v2\/posts\/119363","targetHints":{"allow":["GET"]}}],"collection":[{"href":"http:\/\/argentinamunicipal.com.ar\/argentina\/wp-json\/wp\/v2\/posts"}],"about":[{"href":"http:\/\/argentinamunicipal.com.ar\/argentina\/wp-json\/wp\/v2\/types\/post"}],"author":[{"embeddable":true,"href":"http:\/\/argentinamunicipal.com.ar\/argentina\/wp-json\/wp\/v2\/users\/2"}],"replies":[{"embeddable":true,"href":"http:\/\/argentinamunicipal.com.ar\/argentina\/wp-json\/wp\/v2\/comments?post=119363"}],"version-history":[{"count":0,"href":"http:\/\/argentinamunicipal.com.ar\/argentina\/wp-json\/wp\/v2\/posts\/119363\/revisions"}],"wp:featuredmedia":[{"embeddable":true,"href":"http:\/\/argentinamunicipal.com.ar\/argentina\/wp-json\/wp\/v2\/media\/119364"}],"wp:attachment":[{"href":"http:\/\/argentinamunicipal.com.ar\/argentina\/wp-json\/wp\/v2\/media?parent=119363"}],"wp:term":[{"taxonomy":"category","embeddable":true,"href":"http:\/\/argentinamunicipal.com.ar\/argentina\/wp-json\/wp\/v2\/categories?post=119363"},{"taxonomy":"post_tag","embeddable":true,"href":"http:\/\/argentinamunicipal.com.ar\/argentina\/wp-json\/wp\/v2\/tags?post=119363"}],"curies":[{"name":"wp","href":"https:\/\/api.w.org\/{rel}","templated":true}]}}