{"id":119422,"date":"2021-10-13T04:20:02","date_gmt":"2021-10-13T07:20:02","guid":{"rendered":"http:\/\/argentinamunicipal.com.ar\/argentina\/?p=119422"},"modified":"2021-10-12T19:23:38","modified_gmt":"2021-10-12T22:23:38","slug":"cafiero-trabaja-en-reforzar-la-relacion-comercial-con-estados-unidos-y-espana","status":"publish","type":"post","link":"http:\/\/argentinamunicipal.com.ar\/argentina\/cafiero-trabaja-en-reforzar-la-relacion-comercial-con-estados-unidos-y-espana\/","title":{"rendered":"Cafiero trabaja en reforzar la relaci\u00f3n comercial con Estados Unidos y Espa\u00f1a"},"content":{"rendered":"<p>El canciller argentino se reuni\u00f3 en Italia con las representantes de comercio e industria de esos pa\u00edses, Katherine Tai y Mar\u00eda Reyes Maroto. Efectos de la pandemia, pol\u00edticas de reactivaci\u00f3n e inversiones pymes fueron los ejes de las conversaciones.<\/p>\n<p>Con la idea de \u00abreforzar\u00bb y \u00abacelerar\u00bb la relaci\u00f3n econ\u00f3mico-comercial de Argentina con Estados Unidos y Espa\u00f1a, el canciller Santiago Cafiero mantuvo este martes varias reuniones con representantes de esos pa\u00edses en el marco de la cumbre de ministros del G20 que se desarrolla en Italia, se inform\u00f3 oficialmente.<\/p>\n<p>Cafiero, que asiste a la sesi\u00f3n de ministros de Comercio e Inversiones del G20 en la ciudad italiana de Sorrento, se reuni\u00f3 con la representante de Comercio de los Estados Unidos, Katherine Tai, con quien\u00a0analiz\u00f3 el v\u00ednculo entre ambos pa\u00edses, los efectos de la pandemia del coronavirus en la econom\u00eda y las pol\u00edticas necesarias para la reactivaci\u00f3n del empleo.<\/p>\n<p>Tambi\u00e9n conversaron sobre\u00a0c\u00f3mo profundizar el trabajo conjunto entre Argentina y Estados Unidos, seg\u00fan indic\u00f3 Canciller\u00eda a trav\u00e9s de un comunicado, y\u00a0ratificaron el compromiso mutuo de donar vacunas para mejorar los \u00edndices de inmunizaci\u00f3n\u00a0en los pa\u00edses del continente americano.<\/p>\n<p>Cafiero, quien busca incrementar la agenda de las exportaciones a trav\u00e9s de la incorporaci\u00f3n de valor agregado, la diversificaci\u00f3n de mercados y la integraci\u00f3n en cadenas de valor globales y regionales, tambi\u00e9n se reuni\u00f3 con la ministra de Industria, Comercio y Turismo de Espa\u00f1a, Mar\u00eda Reyes Maroto.<\/p>\n<p>Durante ese encuentro, el canciller\u00a0agradeci\u00f3 el acompa\u00f1amiento de Espa\u00f1a en la negociaci\u00f3n argentina con el FMI\u00a0y en la discusi\u00f3n sobre las sobretasas.<\/p>\n<p>\u00abArgentina viene trabajando pol\u00edticas macroecon\u00f3micas apuntadas a asegurar un crecimiento sostenible e inclusivo que permita el pago de la deuda\u00bb, afirm\u00f3 Cafiero, seg\u00fan el comunicado.<\/p>\n<p>Adem\u00e1s, el ministro de Relaciones Exteriores le expres\u00f3 a Reyes Maroto el\u00a0inter\u00e9s de la Argentina en \u00abpromover inversiones desde una perspectiva pyme y federal, propiciando el nexo entre potenciales inversores y proyectos productivos locales\u00bb.<\/p>\n<p>Canciller\u00eda indic\u00f3 que Espa\u00f1a es el cuarto socio comercial europeo y el segundo inversor externo en nuestro pa\u00eds y detall\u00f3 que con \u00abbalanza comercial superavitaria, en 2020, el comercio bilateral con Espa\u00f1a alcanz\u00f3 los US$ 1.800 millones, con exportaciones del orden de US$ 1.100 millones e importaciones por US$ 700 millones\u00bb.<\/p>\n<p>\u00abNos gratifica especialmente saber que no s\u00f3lo recibimos inversi\u00f3n espa\u00f1ola, sino que tambi\u00e9n nuestras empresas\u00a0est\u00e1n teniendo cada vez m\u00e1s presencia en Espa\u00f1a, generando m\u00e1s puestos de trabajo en ambos pa\u00edses\u201d, asegur\u00f3 Cafiero.<\/p>\n<p>Ambos ministros acordaron trabajar para recuperar la ca\u00edda del comercio bilateral por la pandemia\u00a0y as\u00ed reforzar la relaci\u00f3n econ\u00f3mico-comercial, \u00abdesplegando todo el potencial que tiene la relaci\u00f3n entre ambos pa\u00edses\u00bb.<\/p>\n<p>Esa convicci\u00f3n qued\u00f3 expl\u00edcita cuando los presidentes Alberto Fern\u00e1ndez y Pedro S\u00e1nchez firmaron el Plan de Asociaci\u00f3n Estrat\u00e9gica 2021-2023, \u00abcon el prop\u00f3sito de identificar propuestas conjuntas de acci\u00f3n, dirigidas a mitigar el impacto de la crisis sanitaria provocada por la pandemia\u00bb.<\/p>\n<h6>Fuente: Telam<\/h6>\n","protected":false},"excerpt":{"rendered":"<p>El canciller argentino se reuni\u00f3 en Italia con las representantes de comercio e industria de esos pa\u00edses, Katherine Tai y Mar\u00eda Reyes Maroto. Efectos de la pandemia, pol\u00edticas de reactivaci\u00f3n e inversiones pymes fueron los ejes de las conversaciones.<\/p>\n","protected":false},"author":2,"featured_media":119423,"comment_status":"closed","ping_status":"closed","sticky":false,"template":"","format":"standard","meta":{"footnotes":""},"categories":[8],"tags":[21],"class_list":["post-119422","post","type-post","status-publish","format-standard","has-post-thumbnail","hentry","category-informe-nacional","tag-argentina"],"_links":{"self":[{"href":"http:\/\/argentinamunicipal.com.ar\/argentina\/wp-json\/wp\/v2\/posts\/119422","targetHints":{"allow":["GET"]}}],"collection":[{"href":"http:\/\/argentinamunicipal.com.ar\/argentina\/wp-json\/wp\/v2\/posts"}],"about":[{"href":"http:\/\/argentinamunicipal.com.ar\/argentina\/wp-json\/wp\/v2\/types\/post"}],"author":[{"embeddable":true,"href":"http:\/\/argentinamunicipal.com.ar\/argentina\/wp-json\/wp\/v2\/users\/2"}],"replies":[{"embeddable":true,"href":"http:\/\/argentinamunicipal.com.ar\/argentina\/wp-json\/wp\/v2\/comments?post=119422"}],"version-history":[{"count":0,"href":"http:\/\/argentinamunicipal.com.ar\/argentina\/wp-json\/wp\/v2\/posts\/119422\/revisions"}],"wp:featuredmedia":[{"embeddable":true,"href":"http:\/\/argentinamunicipal.com.ar\/argentina\/wp-json\/wp\/v2\/media\/119423"}],"wp:attachment":[{"href":"http:\/\/argentinamunicipal.com.ar\/argentina\/wp-json\/wp\/v2\/media?parent=119422"}],"wp:term":[{"taxonomy":"category","embeddable":true,"href":"http:\/\/argentinamunicipal.com.ar\/argentina\/wp-json\/wp\/v2\/categories?post=119422"},{"taxonomy":"post_tag","embeddable":true,"href":"http:\/\/argentinamunicipal.com.ar\/argentina\/wp-json\/wp\/v2\/tags?post=119422"}],"curies":[{"name":"wp","href":"https:\/\/api.w.org\/{rel}","templated":true}]}}