{"id":119462,"date":"2021-10-14T05:45:49","date_gmt":"2021-10-14T08:45:49","guid":{"rendered":"http:\/\/argentinamunicipal.com.ar\/argentina\/?p=119462"},"modified":"2021-10-13T19:22:04","modified_gmt":"2021-10-13T22:22:04","slug":"buenas-noticias-para-el-cordon-industrial-santafesino-las-razones-que-evitaron-el-cierre-de-dow","status":"publish","type":"post","link":"http:\/\/argentinamunicipal.com.ar\/argentina\/buenas-noticias-para-el-cordon-industrial-santafesino-las-razones-que-evitaron-el-cierre-de-dow\/","title":{"rendered":"Buenas noticias para el Cord\u00f3n Industrial Santafesino: las razones que evitaron el cierre de Dow"},"content":{"rendered":"<p>La multinacional dio marcha atr\u00e1s con una medida anunciada dos meses atr\u00e1s. Qu\u00e9 dijo el gobierno sobre acciones a realizar con la empresa.<\/p>\n<p>Dos meses despu\u00e9s de anunciar el cierre de su planta en el sur santafesino, la multinacional Dow dio marcha atr\u00e1s y asegur\u00f3 la continuidad de 120 fuentes laborales directas. El compromiso corri\u00f3 por cuenta de su presidente para Am\u00e9rica Latina, quien se reuni\u00f3 en Buenos Aires con el ministro de Desarrollo Productivo, Mat\u00edas Kulfas, y el gobernador Omar Perotti. Alegr\u00eda entre los trabajadores y alivio para las autoridades, que se anotan una buena noticia en el inicio de la campa\u00f1a.<\/p>\n<p>La noticia corri\u00f3 como reguero de p\u00f3lvora minutos despu\u00e9s de las 10.30 de este mi\u00e9rcoles, cuando desde Casa Rosada se difundi\u00f3 el comunicado, que le brinda un giro de 180 grados a una historia que comenz\u00f3 el pasado 9 de agosto, cuando la compa\u00f1\u00eda comunic\u00f3 la decisi\u00f3n de cerrar la f\u00e1brica ubicada en Puerto General San Mart\u00edn, en el marco de un proceso de reorganizaci\u00f3n a nivel global.<\/p>\n<p>Como se trataba de una decisi\u00f3n tomada desde la casa matriz, parec\u00eda dif\u00edcil poder revertirla. Sin embargo, desde el inicio del proceso las autoridades y los trabajadores confiaron en encaminar las gestiones, lo que finalmente ocurri\u00f3 hoy. Se trata de una planta estrat\u00e9gica para el pa\u00eds, no solo por las fuentes laborales (120 directas y 500 indirectas), sino por su incidencia en el entramado productivo: es la \u00fanica proveedora nacional de polioles, base del poliuretano que se utiliza, por caso, en la fabricaci\u00f3n de colchones. En Santa Fe, 23 f\u00e1bricas dependen de la materia prima generada por Dow. All\u00ed trabajan 4.000 personas, seg\u00fan precisaron desde el Sindicato Obreros Empleados Petroqu\u00edmicos (Soepu).<\/p>\n<p><strong>Giro en la decisi\u00f3n<\/strong><\/p>\n<p>\u00bfQu\u00e9 pas\u00f3 en estas semanas para que la multinacional diera marcha atr\u00e1s con la medida? El ministro Kulfas habl\u00f3 dijo esta ma\u00f1ana que en las diversas reuniones se evaluaron \u00abacciones en conjunto\u00bb para asegurar la competitividad de la empresa. \u00abEn un momento exportaban a China. Tenemos que resolver c\u00f3mo lograr que lo vuelva a hacer\u00bb, dijo.<\/p>\n<p>Seg\u00fan se anunci\u00f3 oficialmente, en las pr\u00f3ximas jornadas se anunciar\u00e1 una mesa de trabajo para avanzar sobre estas cuestiones, en la que estar\u00e1n presentes Estado, empresa y trabajadores. Por la Naci\u00f3n, ser\u00e1 de la partida el subsecretario de Pol\u00edtica y Gesti\u00f3n Comercial, Alejandro Barrios, en tanto que por Santa Fe lo har\u00e1 el secretario de Industria Claudio Mossuz.<\/p>\n<p>\u00abSe va a armar una mesa de trabajo, donde vamos a articular con el gobierno nacional cuestiones vinculadas a pol\u00edticas fiscales, que persigan el objetivo de darle m\u00e1s competitividad, de lograr que la planta exporte, lo que plantear\u00eda un panorama superador a lo que tenemos hoy\u00bb, cont\u00f3 a este medio el ministro de Producci\u00f3n Daniel Costamagna, quien tambi\u00e9n estuvo presente en la reuni\u00f3n celebrada este martes, la \u00faltima de una serie de encuentros, \u00aba los que no dimos publicidad por obvias razones pero desde siempre hubo un compromiso de la provincia para lograr este buen resultado\u00bb.<\/p>\n<p>Para el secretario general del SOEPU, Mat\u00edas Brizuela, es demasiado pronto para aventurar qu\u00e9 temas se trabajar\u00e1n en esa mesa, pero indic\u00f3 que Dow planteaba dificultades log\u00edsticas que afectaban su competitividad. \u00abEllos hablaron de problemas con los barcos, de que el Covid los hab\u00eda perjudicado particularmente en ese aspecto\u00bb, coment\u00f3 en di\u00e1logo con este medio, para luego sentenciar que la noticia \u00abes una gran alegr\u00eda para los trabajadores\u00bb.<\/p>\n<p><strong>Continuidad<\/strong><br \/>\nSeg\u00fan se indic\u00f3 oficialmente, fue el propio presidente de Dow para Am\u00e9rica Latina Javier Constante quien comunic\u00f3 que Dow retir\u00f3 el anuncio de cierre de la planta, al tiempo que se mostr\u00f3 confiado \u00aben que la buena predisposici\u00f3n de las partes involucradas permitir\u00e1 un di\u00e1logo constructivo para beneficio del cord\u00f3n industrial de San Lorenzo\/Puerto General San Mart\u00edn y de toda la cadena de valor industrial, tanto a nivel provincial como nacional\u00bb.<\/p>\n<p>Con esta noticia, se logr\u00f3 un quiebre de una historia que pintaba muy oscura, la que hab\u00eda iniciado el pasado 9 de agosto, con el anuncio de cierre. En el medio, fueron varias las voces que desde la pol\u00edtica salieron a plantear la necesidad de revertir la medida. Incluso la propia vicepresidenta Cristina Kirchner, en un acto previo a las elecciones primarias, le pidi\u00f3 a Alberto Fern\u00e1ndez que impida la salida de Dow de Argentina. \u00abPor eso, Alberto, no tenemos que permitir que Dow Chemical, en San Lorenzo, provincia de Santa Fe, cierre esa f\u00e1brica tan importante que produce insumos pl\u00e1sticos para toda la industria. Es una firma muy importante\u00bb, dijo.<\/p>\n<p>El gobernador Omar Perotti tambi\u00e9n se involucr\u00f3 en el tema. Unos d\u00edas despu\u00e9s de las palabras de la vicepresidenta, desde la Casa Gris se difundi\u00f3 un parte oficial en el que se indicaba la apertura de una mesa de trabajo con sus ministros de Producci\u00f3n y Trabajo, m\u00e1s el gremio, con el objetivo de evitar el cierre de la planta.<\/p>\n<p>Para el oficialismo, la decisi\u00f3n de dar marcha atr\u00e1s por parte de Dow no puede llegar en un mejor momento. A un mes de las elecciones generales, est\u00e1 \u00e1vido de comunicar buenas noticias que le allanen el camino para -de m\u00ednima- mejorar la performance obtenida en las primarias.<\/p>\n<p>La segunda candidata a senadora nacional por Santa Fe, Mar\u00eda de los \u00c1ngeles Sacnun, fue una de las primeras en salir a celebrar la continuidad de Dow. En un tuit realizado pocos minutos despu\u00e9s del anuncio, dijo que \u00abdefender los puestos de trabajo y un proceso de sustituci\u00f3n de importaciones que garantice el desarrollo industrial es el camino\u00bb.<\/p>\n<h6>Fuente: El Litoral<\/h6>\n","protected":false},"excerpt":{"rendered":"<p>El compromiso corri\u00f3 por cuenta de su presidente para Am\u00e9rica Latina, quien se reuni\u00f3 en Buenos Aires con el ministro de Desarrollo Productivo, Mat\u00edas Kulfas, y el gobernador Omar Perotti.<\/p>\n","protected":false},"author":2,"featured_media":119463,"comment_status":"closed","ping_status":"closed","sticky":false,"template":"","format":"standard","meta":{"footnotes":""},"categories":[2],"tags":[10],"class_list":["post-119462","post","type-post","status-publish","format-standard","has-post-thumbnail","hentry","category-informe-municipal","tag-santa-fe"],"_links":{"self":[{"href":"http:\/\/argentinamunicipal.com.ar\/argentina\/wp-json\/wp\/v2\/posts\/119462","targetHints":{"allow":["GET"]}}],"collection":[{"href":"http:\/\/argentinamunicipal.com.ar\/argentina\/wp-json\/wp\/v2\/posts"}],"about":[{"href":"http:\/\/argentinamunicipal.com.ar\/argentina\/wp-json\/wp\/v2\/types\/post"}],"author":[{"embeddable":true,"href":"http:\/\/argentinamunicipal.com.ar\/argentina\/wp-json\/wp\/v2\/users\/2"}],"replies":[{"embeddable":true,"href":"http:\/\/argentinamunicipal.com.ar\/argentina\/wp-json\/wp\/v2\/comments?post=119462"}],"version-history":[{"count":0,"href":"http:\/\/argentinamunicipal.com.ar\/argentina\/wp-json\/wp\/v2\/posts\/119462\/revisions"}],"wp:featuredmedia":[{"embeddable":true,"href":"http:\/\/argentinamunicipal.com.ar\/argentina\/wp-json\/wp\/v2\/media\/119463"}],"wp:attachment":[{"href":"http:\/\/argentinamunicipal.com.ar\/argentina\/wp-json\/wp\/v2\/media?parent=119462"}],"wp:term":[{"taxonomy":"category","embeddable":true,"href":"http:\/\/argentinamunicipal.com.ar\/argentina\/wp-json\/wp\/v2\/categories?post=119462"},{"taxonomy":"post_tag","embeddable":true,"href":"http:\/\/argentinamunicipal.com.ar\/argentina\/wp-json\/wp\/v2\/tags?post=119462"}],"curies":[{"name":"wp","href":"https:\/\/api.w.org\/{rel}","templated":true}]}}