{"id":119465,"date":"2021-10-14T05:22:33","date_gmt":"2021-10-14T08:22:33","guid":{"rendered":"http:\/\/argentinamunicipal.com.ar\/argentina\/?p=119465"},"modified":"2021-10-13T19:25:06","modified_gmt":"2021-10-13T22:25:06","slug":"kulfas-santa-fe-se-esta-reactivando-fuerte","status":"publish","type":"post","link":"http:\/\/argentinamunicipal.com.ar\/argentina\/kulfas-santa-fe-se-esta-reactivando-fuerte\/","title":{"rendered":"Kulfas: \u00abSanta Fe se est\u00e1 reactivando fuerte\u00bb"},"content":{"rendered":"<p>El ministro de Desarrollo Productivo celebr\u00f3 la marcha atr\u00e1s de la multinacional Dow en el Cord\u00f3n Industrial Santafesino, y anticip\u00f3 una pronta visita a la provincia, que seg\u00fan plante\u00f3 lidera el crecimiento del sector industrial a nivel pa\u00eds.<\/p>\n<p>El ministro de Desarrollo Productivo, Mat\u00edas Kulfas, detall\u00f3 las alternativas ofrecidas por el gobierno para lograr que la multinacional Dow diera marcha atr\u00e1s en su intenci\u00f3n de cerrar la planta que tiene en Puerto General San Mart\u00edn. De todas, la m\u00e1s destacada es la posibilidad de reducir derechos de exportaci\u00f3n para el incremental, una medida que ya se tom\u00f3 para otros sectores industriales, como el automotriz. Asimismo, anticip\u00f3 que vendr\u00e1 a Santa Fe para visitar la f\u00e1brica, en el marco de una mesa de an\u00e1lisis en la que se buscar\u00e1 darle mayor competitividad. Consultado por este medio sobre la marcha productiva de la provincia, dijo que \u201cse est\u00e1 reactivando fuerte\u201d.<\/p>\n<p>\u201cVamos a retomar esta mesa de trabajo para analizar punto por punto qu\u00e9 cosas podemos hacer entre las partes para que la planta sea m\u00e1s competitiva, y no solo produzca lo que estaba haciendo sino exportar a diferentes mercados\u201d, dijo Kulfas, que plante\u00f3 que habr\u00e1 tanto \u201cinversiones de Dow\u201d como medidas por parte de los gobiernos nacional y provincial, para lograr que la planta vuelva a exportar.<\/p>\n<p>El ministro aprovech\u00f3 la ocasi\u00f3n para destacar que Santa Fe viene mostrando \u201cel mayor crecimiento del sector industrial en Argentina\u201d, lo que a su juicio tuvo que ver con \u201chaber recuperado la pol\u00edtica industrial, con todo lo que hicimos en materia de financiamiento productivo, de comercio exterior, de pol\u00edticas sectoriales, m\u00e1s la complementaci\u00f3n con lo que viene haciendo la Provincia\u201d. En ese orden de ideas, indic\u00f3 que espera poder visitar la planta de Dow, as\u00ed como la de General Motors, que viene de recibir una fuerte inversi\u00f3n.<\/p>\n<p>-En el comunicado oficial se habl\u00f3 de brindar condiciones para que la planta logre ser m\u00e1s competitiva. \u00bfC\u00f3mo ser\u00eda esto, m\u00e1s espec\u00edficamente?<\/p>\n<p>-B\u00e1sicamente, la empresa plante\u00f3 dos grandes temas: el costo de la log\u00edstica y trabajar en aspectos para analizar o calibrar cuestiones impositivas, de derechos de exportaci\u00f3n. Nosotros hemos trabajado junto al Ministerio de Econom\u00eda, con algunos sectores, en poder reducir derechos de exportaci\u00f3n para el incremental, que hicimos con la industria automotriz, con la econom\u00eda del conocimiento\u2026 Este tipo de medidas, m\u00e1s algunas de car\u00e1cter provincial, son cosas que vamos a poner en la mesa. Pero insisto, ya est\u00e1 tomada la decisi\u00f3n. No es que Dow est\u00e1 condicionando las gestiones, sino que la ha anunciado y difundido p\u00fablicamente. Esta mesa de trabajo que se gener\u00f3 en estos meses ahora seguir\u00e1 funcionando, pero no para impedir el cierre, que ya est\u00e1, sino para seguir trabajando en conjunto, con inversiones de Dow y cosas que podemos poner desde Naci\u00f3n y Provincia, ayudamos a que esta planta pueda volver a exportar.<\/p>\n<p>-\u00bfHay alg\u00fan detalle sobre cu\u00e1les ser\u00edan estas inversiones de la empresa?<\/p>\n<p>-Es una referencia general. Eso lo vamos a ir puntualizando en la medida que esta mesa de trabajo se consolide. Hoy la prioridad nuestra era llevar tranquilidad a los trabajadores y sus familias, que ven\u00edan con mucha angustia en estos dos meses. As\u00ed que la prioridad es esa, garantizar la continuidad laboral. Con ese horizonte despejado, ah\u00ed s\u00ed retomar esta mesa de trabajo para analizar punto por punto qu\u00e9 cosas podemos hacer entre las partes para que la planta sea m\u00e1s competitiva, y no solo produzca lo que estaba haciendo sino exportar a diferentes mercados.<\/p>\n<p>-Desde el sindicato se habl\u00f3 de dificultades que ten\u00eda la empresa en el acceso a los insumos y que los hab\u00eda afectado la bajante del r\u00edo. \u00bfSe trabaj\u00f3 sobre estos temas?<\/p>\n<p>-S\u00ed, lo hemos conversado. La empresa dice que son temas operativos que se van solucionando, que est\u00e1 garantizado el abastecimiento de los insumos que vienen de Brasil. Por ese lado, la empresa manifest\u00f3 tranquilidad en la continuidad productiva de la planta.<\/p>\n<p><strong>Repunte<\/strong><br \/>\n-\u00bfC\u00f3mo est\u00e1n viendo desde Naci\u00f3n el desempe\u00f1o productivo de Santa Fe? \u00bfEst\u00e1 en agenda alguna visita del presidente Fern\u00e1ndez?<\/p>\n<p>-Santa Fe es la provincia que ha tenido mayor crecimiento entre el sector industrial en Argentina. En eso ha tenido que ver con haber recuperado la pol\u00edtica industrial, con todo lo que hicimos en materia de financiamiento productivo, de comercio exterior, de pol\u00edticas sectoriales, m\u00e1s la complementaci\u00f3n con lo que viene haciendo la provincia de Santa Fe. En ese sentido, estamos muy satisfechos, y esperamos poder visitar la planta de Dow, para tener las primeras reuniones de la mesa de trabajo all\u00ed mismo, tambi\u00e9n poder ir a la planta de General Motors, donde hay una inversi\u00f3n muy importante, y tambi\u00e9n tenemos un compromiso con la Federaci\u00f3n Industrial de Santa Fe, para ir antes de fin de mes. Es una provincia que se est\u00e1 reactivando fuerte.<\/p>\n<p>-La idea ser\u00eda entonces hacer la primera reuni\u00f3n en la propia planta de Dow\u2026<\/p>\n<p>-S\u00ed. Lo conversamos en la reuni\u00f3n de este mi\u00e9rcoles por la ma\u00f1ana. Es una posibilidad fuerte que tengamos la primera reuni\u00f3n de la mesa de trabajo, ya superada la etapa de evitar el cierre, en la propia planta de Dow. Hoy la prioridad es difundir la noticia, que los trabajadores se queden tranquilos, y luego definiremos una fecha. Creo que vale la pena destacar el trabajo no solo del gobernador Perotti, sino tambi\u00e9n de la CGT de Santa Fe, de la CGT de San Lorenzo, de muchos sectores pol\u00edticos, que pusieron esfuerzos muy grandes que hoy encuentran resultados muy concretos.<\/p>\n<p><strong>\u00bfPrecios congelados?<\/strong><br \/>\n-Fuera de Dow, el tema precios e inflaci\u00f3n siguen en lo alto de la agenda. Hoy se conoci\u00f3 un pedido del flamante secretario de Comercio para que se congelen precios hasta fin de a\u00f1o. \u00bfHay margen para que ello tenga curso favorable?<\/p>\n<p>-Esto lo hemos conversado este martes con el nuevo secretario de Comercio Interior, Roberto Felleti. Tenemos una preocupaci\u00f3n, que es reducir el peso que hoy tiene la canasta b\u00e1sica dentro del esquema de gastos de los hogares, que han subido muchos, por varios efectos. Hoy est\u00e1 el secretario de Comercio Interior buscando generar compromisos para ir reduciendo ese impacto, y tratar que las subas salariales tengan un efecto positivo en los pr\u00f3ximos meses en materia de mayor capacidad adquisitiva, que en alg\u00fan punto compensen el tema precios por mayor cantidades demandadas. Eso es lo que est\u00e1 trabajando Felleti con la industria alimenticia y los supermercados. Obviamente no est\u00e1 planteado sobre todos los productos, sino planteado en un acuerdo de compromisos, en una situaci\u00f3n donde la econom\u00eda se est\u00e1 reactivando, pero necesitamos que esa reactivaci\u00f3n llegue con m\u00e1s fuerza a los hogares del pa\u00eds.<\/p>\n<p>-\u00bfC\u00f3mo ser\u00eda este trabajo del gobierno? \u00bfSolo a trav\u00e9s del di\u00e1logo con los empresarios o con mayores controles en los supermercados, por ejemplo para que se cumpla la ley de g\u00f3ndolas?<\/p>\n<p>-Son cosas que en algunas cuestiones son de corto plazo y otras tardar\u00e1n m\u00e1s tiempo. La ley de g\u00f3ndolas ya est\u00e1 implementada, pero para ver los resultados no es de un d\u00eda para el otro. Si queremos desconcentrar las g\u00f3ndolas, eso requiere que haya oferentes calificados que puedan ofrecer estos productos. Esto no se produce de un d\u00eda para el otro. En el corto plazo, est\u00e1 este planteo que hemos transmitido a trav\u00e9s de Roberto Felleti buscando llegar a un compromiso en los pr\u00f3ximos meses.<\/p>\n<p>-\u00bfC\u00f3mo van a terminar el a\u00f1o los salarios contra la inflaci\u00f3n?<\/p>\n<p>-Nuestra proyecci\u00f3n es que los salarios terminen por encima de la inflaci\u00f3n, en promedio alg\u00fan punto por encima de la inflaci\u00f3n. Esperamos que este sea el a\u00f1o del inicio de la recuperaci\u00f3n del salario real. Recordemos que entre 2015 y 2019 el salario real perdi\u00f3 20 %, y desde el inicio de nuestra gesti\u00f3n el salario qued\u00f3 m\u00e1s o menos empatado, lo cual fue una situaci\u00f3n dif\u00edcil de conseguir por todo lo que signific\u00f3 la pandemia. Nuestra aspiraci\u00f3n es que se consolide el aumento del salario real y que sea el punto de inflexi\u00f3n para recuperar el terreno perdido en el salario real.<\/p>\n<h6>Fuente: El Litoral<\/h6>\n","protected":false},"excerpt":{"rendered":"<p>El ministro de Desarrollo Productivo celebr\u00f3 la marcha atr\u00e1s de la multinacional Dow en el Cord\u00f3n Industrial Santafesino, y anticip\u00f3 una pronta visita a la provincia, que seg\u00fan plante\u00f3 lidera el crecimiento del sector industrial a nivel pa\u00eds.<\/p>\n","protected":false},"author":2,"featured_media":119466,"comment_status":"closed","ping_status":"closed","sticky":false,"template":"","format":"standard","meta":{"footnotes":""},"categories":[65],"tags":[10],"class_list":["post-119465","post","type-post","status-publish","format-standard","has-post-thumbnail","hentry","category-provincias","tag-santa-fe"],"_links":{"self":[{"href":"http:\/\/argentinamunicipal.com.ar\/argentina\/wp-json\/wp\/v2\/posts\/119465","targetHints":{"allow":["GET"]}}],"collection":[{"href":"http:\/\/argentinamunicipal.com.ar\/argentina\/wp-json\/wp\/v2\/posts"}],"about":[{"href":"http:\/\/argentinamunicipal.com.ar\/argentina\/wp-json\/wp\/v2\/types\/post"}],"author":[{"embeddable":true,"href":"http:\/\/argentinamunicipal.com.ar\/argentina\/wp-json\/wp\/v2\/users\/2"}],"replies":[{"embeddable":true,"href":"http:\/\/argentinamunicipal.com.ar\/argentina\/wp-json\/wp\/v2\/comments?post=119465"}],"version-history":[{"count":0,"href":"http:\/\/argentinamunicipal.com.ar\/argentina\/wp-json\/wp\/v2\/posts\/119465\/revisions"}],"wp:featuredmedia":[{"embeddable":true,"href":"http:\/\/argentinamunicipal.com.ar\/argentina\/wp-json\/wp\/v2\/media\/119466"}],"wp:attachment":[{"href":"http:\/\/argentinamunicipal.com.ar\/argentina\/wp-json\/wp\/v2\/media?parent=119465"}],"wp:term":[{"taxonomy":"category","embeddable":true,"href":"http:\/\/argentinamunicipal.com.ar\/argentina\/wp-json\/wp\/v2\/categories?post=119465"},{"taxonomy":"post_tag","embeddable":true,"href":"http:\/\/argentinamunicipal.com.ar\/argentina\/wp-json\/wp\/v2\/tags?post=119465"}],"curies":[{"name":"wp","href":"https:\/\/api.w.org\/{rel}","templated":true}]}}