{"id":119493,"date":"2021-10-14T06:16:36","date_gmt":"2021-10-14T09:16:36","guid":{"rendered":"http:\/\/argentinamunicipal.com.ar\/argentina\/?p=119493"},"modified":"2021-10-14T06:16:36","modified_gmt":"2021-10-14T09:16:36","slug":"santa-fe-denuncian-otra-intimidacion-policial-contra-trabajadores-municipales","status":"publish","type":"post","link":"http:\/\/argentinamunicipal.com.ar\/argentina\/santa-fe-denuncian-otra-intimidacion-policial-contra-trabajadores-municipales\/","title":{"rendered":"Santa Fe: Denuncian otra intimidaci\u00f3n policial contra trabajadores municipales"},"content":{"rendered":"<p>EL USO INTIMIDATORIO DE LAS FUERZAS DE SEGURIDAD EN ACTIVIDADES SINDICALES PARECE CONVERTIRSE EN POL\u00cdTICA DE ESTADO.<\/p>\n<p>Mientras el delito, la corrupci\u00f3n y la inseguridad contin\u00faan incontroladas y se convierten en un flagelo social desgarrador, las Fuerzas de Seguridad se utilizan para actividades represivas contra la vida democr\u00e1tica de las organizaciones sindicales del sector municipal.<\/p>\n<p>Nuevamente la presencia policial en actos que afectan la libertad sindical, aparece sistem\u00e1ticamente en escena como los fueron los hechos intimidatorios ocurridos en varios Municipios como Las Rosas, San Carlos Centro y otras localidades. Lamentablemente ahora vuelven a suceder en la ciudad de Santa Fe.<\/p>\n<p>M\u00e1s de cien efectivos policiales y entre ellos Tropas de Operaciones Especiales acudieron a custodiar la seguridad de una\u00a0Asamblea que deb\u00eda aprobar Memoria y Balance\u00a0correspondientes al per\u00edodo en que los dirigentes de ese gremio fueran expulsados por defraudaci\u00f3n y estafa contra una Organizaci\u00f3n Sindical.<\/p>\n<p>La dirigencia de ASOEM Santa Fe, tras las frustradas asambleas anteriores, estableci\u00f3 un protocolo en la cantidad de participantes cuya cifra claramente intencional se ubic\u00f3 en 600 personas sobre un total de 5.000 afiliados. De ellas 100 eran efectivos policiales y de Tropas de Operaciones Especiales, los que impidieron el normal y democr\u00e1tico funcionamiento de la Asamblea Sindical. Dirigentes y Delegados del gremio denunciaron agresiones con intenci\u00f3n de provocar represi\u00f3n en el interior del Sindicato.<\/p>\n<p>Es por ello que desde FESTRAM repudiamos en\u00e9rgicamente la utilizaci\u00f3n de la Fuerzas del Estado para interrumpir el ejercicio de la libertad sindical.<\/p>\n<p>Mientras los estadios de f\u00fatbol son colmados de p\u00fablico para disfrutar leg\u00edtimamente de un espect\u00e1culo deportivo, las Autoridades prefieren utilizar la fuerza p\u00fablica para impedir la participaci\u00f3n democr\u00e1tica de los trabajadores en un espacio cerrado e insuficiente.<\/p>\n<p>Cabe destacar que frente a los hechos irregulares que se vienen sucediendo, el Ministerio de Trabajo no concurri\u00f3 a supervisar la legalidad de dicha Asamblea, la que ser\u00e1 impugnada por falsedad de los balances y la imposibilidad de desarrollar una elecci\u00f3n clara y trasparente, amenazados por cientos de polic\u00edas.<\/p>\n<p>De continuar estos abusos intimidatorios, desde esta Organizaci\u00f3n Sindical denunciaremos al Estado Provincial, frente a Organismos Internacionales del Trabajo y de Derechos Humanos.<\/p>\n<h6>PRENSA FESTRAM<\/h6>\n","protected":false},"excerpt":{"rendered":"<p>EL USO INTIMIDATORIO DE LAS FUERZAS DE SEGURIDAD EN ACTIVIDADES SINDICALES PARECE CONVERTIRSE EN POL\u00cdTICA DE ESTADO<\/p>\n","protected":false},"author":2,"featured_media":119494,"comment_status":"closed","ping_status":"closed","sticky":false,"template":"","format":"standard","meta":{"footnotes":""},"categories":[7],"tags":[10],"class_list":["post-119493","post","type-post","status-publish","format-standard","has-post-thumbnail","hentry","category-informe-sindical","tag-santa-fe"],"_links":{"self":[{"href":"http:\/\/argentinamunicipal.com.ar\/argentina\/wp-json\/wp\/v2\/posts\/119493","targetHints":{"allow":["GET"]}}],"collection":[{"href":"http:\/\/argentinamunicipal.com.ar\/argentina\/wp-json\/wp\/v2\/posts"}],"about":[{"href":"http:\/\/argentinamunicipal.com.ar\/argentina\/wp-json\/wp\/v2\/types\/post"}],"author":[{"embeddable":true,"href":"http:\/\/argentinamunicipal.com.ar\/argentina\/wp-json\/wp\/v2\/users\/2"}],"replies":[{"embeddable":true,"href":"http:\/\/argentinamunicipal.com.ar\/argentina\/wp-json\/wp\/v2\/comments?post=119493"}],"version-history":[{"count":0,"href":"http:\/\/argentinamunicipal.com.ar\/argentina\/wp-json\/wp\/v2\/posts\/119493\/revisions"}],"wp:featuredmedia":[{"embeddable":true,"href":"http:\/\/argentinamunicipal.com.ar\/argentina\/wp-json\/wp\/v2\/media\/119494"}],"wp:attachment":[{"href":"http:\/\/argentinamunicipal.com.ar\/argentina\/wp-json\/wp\/v2\/media?parent=119493"}],"wp:term":[{"taxonomy":"category","embeddable":true,"href":"http:\/\/argentinamunicipal.com.ar\/argentina\/wp-json\/wp\/v2\/categories?post=119493"},{"taxonomy":"post_tag","embeddable":true,"href":"http:\/\/argentinamunicipal.com.ar\/argentina\/wp-json\/wp\/v2\/tags?post=119493"}],"curies":[{"name":"wp","href":"https:\/\/api.w.org\/{rel}","templated":true}]}}