{"id":119536,"date":"2021-10-15T04:50:05","date_gmt":"2021-10-15T07:50:05","guid":{"rendered":"http:\/\/argentinamunicipal.com.ar\/argentina\/?p=119536"},"modified":"2021-10-14T19:51:58","modified_gmt":"2021-10-14T22:51:58","slug":"santa-fe-aprobaron-una-ordenanza-de-promocion-de-la-agroecologia","status":"publish","type":"post","link":"http:\/\/argentinamunicipal.com.ar\/argentina\/santa-fe-aprobaron-una-ordenanza-de-promocion-de-la-agroecologia\/","title":{"rendered":"Santa Fe: Aprobaron una ordenanza de promoci\u00f3n de la agroecolog\u00eda"},"content":{"rendered":"<p>La norma, aprobada por unanimidad, est\u00e1 orientada a fomentar pol\u00edticas, programas, proyectos y acciones para el desarrollo de la agroecolog\u00eda a nivel local.<\/p>\n<p>El Concejo santafesino sancion\u00f3 este jueves una ordenanza que tiene como objetivo el \u201cfomento, promoci\u00f3n y fortalecimiento de pol\u00edticas, programas, proyectos y acciones para el desarrollo de la agroecolog\u00eda como sistema integral de\u00a0producci\u00f3n, comercializaci\u00f3n, agroindustrializaci\u00f3n, consumo de alimentos y otras producciones primarias\u201d.<br \/>\nLa agroecolog\u00eda es una ciencia orientada a la producci\u00f3n de alimentos y otros bienes primarios desde un enfoque integral, que busca la sustentabilidad tanto ambiental como social, econ\u00f3mica y cultural. Adem\u00e1s es una herramienta que aspira a un cambio social en b\u00fasqueda de la soberan\u00eda alimentaria.<br \/>\nAl respecto, la concejala Valeria L\u00f3pez Delzar, autora de la ordenanza, se\u00f1al\u00f3 que\u00a0\u201cbuscamos preservar el cintur\u00f3n verde de la ciudad y el Gran Santa Fe, protegerlo del crecimiento de la ciudad que avanza sobre estos desarrollos productivos\u201d. Tambi\u00e9n afirm\u00f3 que \u201ccon esta iniciativa pretendemos fomentar un v\u00ednculo m\u00e1s cercano entre quienes producen estos alimentos de forma sana y segura con quienes los consumimos\u201d. Por \u00faltimo, explic\u00f3 que \u201ceste es un paso m\u00e1s en lo que tiene que ver con acercarnos a la soberan\u00eda alimentaria y el acceso a la tierra, los modos de producci\u00f3n, la sostenibilidad social, ambiental y econ\u00f3mica\u201d.<\/p>\n<p>El Ejecutivo Municipal deber\u00e1 estimular el emplazamiento y funcionamiento de ferias para la oferta de productos agroecol\u00f3gicos en diversos puntos de la ciudad; proteger los desarrollos agroecol\u00f3gicos existentes y acompa\u00f1ar los nuevos; impulsar la creaci\u00f3n de un corredor agroecol\u00f3gico en la ciudad de Santa Fe junto con el Ente de Coordinaci\u00f3n del \u00c1rea metropolitana; realizar campa\u00f1as de difusi\u00f3n y formaci\u00f3n para la poblaci\u00f3n sobre el consumo y producci\u00f3n de este tipo de alimentos.<\/p>\n<p>Tambi\u00e9n se promover\u00e1 el acceso a la producci\u00f3n agroecol\u00f3gica en el mercado municipal, estimulando el abastecimiento interno y el emplazamiento de mercados de cercan\u00eda o ferias agroecol\u00f3gica y que cualquier dependencia municipal priorice la adquisici\u00f3n de productos provenientes de los Sistemas de Producci\u00f3n Agroecol\u00f3gica.<\/p>\n<p>Por \u00faltimo, la ordenanza define la creaci\u00f3n de un Consejo Consultivo para el Desarrollo de la Agroecolog\u00eda de la ciudad de Santa Fe, el cual estar\u00e1 integrado por tres miembros del Departamento Ejecutivo Municipal; dos concejales, tres representantes de productores agroecol\u00f3gicos, un miembro de entidades cooperativas, entre otros integrantes de organizaciones de la sociedad civil vinculadas a la tem\u00e1tica. Entre sus funciones est\u00e1n colaborar en el dise\u00f1o de pol\u00edticas y acciones para profundizar los emprendimientos agroecol\u00f3gicos en el \u00e1mbito local y metropolitano; fomentar la articulaci\u00f3n con instituciones gubernamentales y no gubernamentales para proponer capacitaciones; elaborar informes sobre el estado de la producci\u00f3n y desarrollo de la agroecolog\u00eda en la ciudad, entre otras.<\/p>\n<p>Estuvieron presentes en las gradas del recinto de sesiones organizaciones e instituciones relacionadas y que participaron en la redacci\u00f3n de esta Ordenanza, entre ellas La Verdecita; Cooperativa Set\u00fabal; Movimiento Desv\u00edo a la Ra\u00edz; Asociaci\u00f3n Civil Capibara; ONG Naturaleza, Derecho y Sociedad; Multisectorial Paren de Fumigarnos; Foro Santafesino por la Salud y el Ambiente; Centro de Protecci\u00f3n de la Naturaleza (CEPRONAT); Asociaci\u00f3n Civil Parque Federal; Friday For Future Santa Fe; Comunidad por la Naturaleza; productores\/as y trabajadores\/as rurales, periurbanos y urbanos; agricultores\/as familiares, campesinos\/as e ind\u00edgenas.<\/p>\n<h6>Fuente: Uno<\/h6>\n","protected":false},"excerpt":{"rendered":"<p>La norma, aprobada por unanimidad, est\u00e1 orientada a fomentar pol\u00edticas, programas, proyectos y acciones para el desarrollo de la agroecolog\u00eda a nivel local.<\/p>\n","protected":false},"author":2,"featured_media":119537,"comment_status":"closed","ping_status":"closed","sticky":false,"template":"","format":"standard","meta":{"footnotes":""},"categories":[2],"tags":[10],"class_list":["post-119536","post","type-post","status-publish","format-standard","has-post-thumbnail","hentry","category-informe-municipal","tag-santa-fe"],"_links":{"self":[{"href":"http:\/\/argentinamunicipal.com.ar\/argentina\/wp-json\/wp\/v2\/posts\/119536","targetHints":{"allow":["GET"]}}],"collection":[{"href":"http:\/\/argentinamunicipal.com.ar\/argentina\/wp-json\/wp\/v2\/posts"}],"about":[{"href":"http:\/\/argentinamunicipal.com.ar\/argentina\/wp-json\/wp\/v2\/types\/post"}],"author":[{"embeddable":true,"href":"http:\/\/argentinamunicipal.com.ar\/argentina\/wp-json\/wp\/v2\/users\/2"}],"replies":[{"embeddable":true,"href":"http:\/\/argentinamunicipal.com.ar\/argentina\/wp-json\/wp\/v2\/comments?post=119536"}],"version-history":[{"count":0,"href":"http:\/\/argentinamunicipal.com.ar\/argentina\/wp-json\/wp\/v2\/posts\/119536\/revisions"}],"wp:featuredmedia":[{"embeddable":true,"href":"http:\/\/argentinamunicipal.com.ar\/argentina\/wp-json\/wp\/v2\/media\/119537"}],"wp:attachment":[{"href":"http:\/\/argentinamunicipal.com.ar\/argentina\/wp-json\/wp\/v2\/media?parent=119536"}],"wp:term":[{"taxonomy":"category","embeddable":true,"href":"http:\/\/argentinamunicipal.com.ar\/argentina\/wp-json\/wp\/v2\/categories?post=119536"},{"taxonomy":"post_tag","embeddable":true,"href":"http:\/\/argentinamunicipal.com.ar\/argentina\/wp-json\/wp\/v2\/tags?post=119536"}],"curies":[{"name":"wp","href":"https:\/\/api.w.org\/{rel}","templated":true}]}}