{"id":119584,"date":"2021-10-18T11:32:31","date_gmt":"2021-10-18T14:32:31","guid":{"rendered":"http:\/\/argentinamunicipal.com.ar\/argentina\/?p=119584"},"modified":"2021-10-18T11:32:31","modified_gmt":"2021-10-18T14:32:31","slug":"cerro-la-semana-de-la-agricultura-urbana-en-rosario-habra-dos-parques-huerta-mas","status":"publish","type":"post","link":"http:\/\/argentinamunicipal.com.ar\/argentina\/cerro-la-semana-de-la-agricultura-urbana-en-rosario-habra-dos-parques-huerta-mas\/","title":{"rendered":"Cerr\u00f3 la Semana de la Agricultura Urbana: en Rosario habr\u00e1 dos parques huerta m\u00e1s"},"content":{"rendered":"<p>Uno estar\u00e1 en el norte y otro en el sudoeste de la ciudad y se estima que estar\u00e1n productivos para el a\u00f1o pr\u00f3ximo<\/p>\n<p>Con m\u00e1s de 40 hect\u00e1reas productivas y m\u00e1s de dos mil personas como parte de los proyectos de econom\u00eda solidaria que fueron un motor para cientos desde la crisis de 2001, Rosario transit\u00f3 la semana pasada la Semana de la Agricultura Urbana, que cerr\u00f3 el domingo con una feria y el intercambio de semillas. En un a\u00f1o donde la propuesta que el Estado municipal viene impulsado hace ya dos d\u00e9cadas y en el que sum\u00f3 en plena pandemia un nuevo parque huerta en la zona oeste, las jornadas incluyeron un un anuncio: la puesta en marcha de otros dos espacios productivos estar\u00e1n funcionando en 2022, uno en la zona norte y otro en el sudoeste. En el municipio dijeron que de este modo que con las siete que ya est\u00e1n en marcha, ser\u00e1n 9 las huertas instaladas en zona periurbanas para el a\u00f1o pr\u00f3ximo.<br \/>\n\u00abFue importante la semana para darle visibilidad a esta pol\u00edtica que tiene continuidad desde 2001 y que surgi\u00f3 como una salida econ\u00f3mica y social para muchos rosarinos y que permite incluso en tiempos de pandemia potenciar la agricultura urbana\u00bb, se\u00f1al\u00f3 el\u00a0secretario de Desarrollo Social y H\u00e1bitat del municipio, Nicol\u00e1s Gianelloni, que recalc\u00f3 el paso dado con la apertura del parque huerta del oeste.<\/p>\n<p>De hecho, ese distrito de la ciudad era el \u00fanico que a\u00fan no contaba con un espacio productivo de esas caracter\u00edsticas y fue a trav\u00e9s de la cesi\u00f3n de terrenos que hizo un privado para la explotaci\u00f3n del suelo por parte del municipio que el lugar comenz\u00f3 a funcionar y producir en plena pandemia.<\/p>\n<p>Son m\u00e1s de dos mil personas las que a trav\u00e9s de convenios con la ciudad trabajan la tierra y en forma cooperativa comercializan su producci\u00f3n de verduras y hortalizas agroecol\u00f3gicas en las ferias, mercados y puntos verdes que tambi\u00e9n se vienen multiplicando en la ciudad.<\/p>\n<p><strong>Sumar en el norte y el sudoeste<\/strong><br \/>\nAs\u00ed como en el oeste y a trav\u00e9s de la cesi\u00f3n de privados, el municipio prev\u00e9 iniciar este mismo a\u00f1o las obras de infraestructura que permitir\u00e1n en 2022 tener funcionando otros\u00a0dos parques huerta: uno en el norte y otro en el sudoeste.<\/p>\n<p>Gianelloni dijo que\u00a0el primer paso \u00abes llevar adelante las obras de infraestructura para el acceso al agua que permita el riego\u00bb, adem\u00e1s de garantizar los cercos perimetrales y las condiciones que permitan ponerlas en marcha.<\/p>\n<p>A eso se suma el trabajo con los vecinos ya que indic\u00f3 que \u00abla idea es sumar nuevas familias\u00bb al proyecto.<\/p>\n<p>Adem\u00e1s, el funcionario especific\u00f3 que por estos d\u00edas se lleva adelante el trabajo territorial, casa por casa, visitando a quienes quisieran ser parte de la iniciativa. Se trata de familias que adem\u00e1s de las capacitaciones previas, reciben un acompa\u00f1amiento de equipos t\u00e9cnicos permanentes a lo largo de todo el proceso y ese asesoramiento se sostiene en el tiempo.<\/p>\n<p>De hecho, son esos equipos los que adem\u00e1s sostienen el Centro de Agrol\u00f3gico de Investigaci\u00f3n, donde se desarrollan las t\u00e9cnicas, estrategias y productos para sostener las huertas de la ciudad sin la utilizaci\u00f3n de agroqu\u00edmicos.<\/p>\n<p>\u00abLo \u00fanico que tienen que garantizar en mantener las parcelas productivas, ya que lo que no est\u00e1 permitido es que queden espacios ociosos y sin producci\u00f3n\u00bb, indic\u00f3 el funcionario.<\/p>\n<p><strong>Producir y tambi\u00e9n comercializar<\/strong><br \/>\nJunto a la ampliaci\u00f3n de los puntos productivos, incluso durante la pandemia tambi\u00e9n la comercializaci\u00f3n logr\u00f3 ampliarse a trav\u00e9s de las ferias ya existentes, los mercados barriales, las ferias itinerantes Arriba Rosario e incluso a trav\u00e9s del Mercado del Patio.<\/p>\n<p>De hecho en este primer semestre, la ciudad registr\u00f3\u00a0600 feriantes en Ferias Verdes, 11 Ferias Verdes que funcionan en forma permanente y 5 puntos de comercializaci\u00f3n en las mismas huertas.<\/p>\n<p>Incluso Gianelloni adelant\u00f3 que el proyecto ideado para el Mercado del Centro, que funcionar\u00e1 con la revitalizaci\u00f3n de la plaza Montenegro, prev\u00e9 la presencia de los huerteros y su producci\u00f3n.<\/p>\n<h6>Fuente: La Capital<\/h6>\n","protected":false},"excerpt":{"rendered":"<p>Uno estar\u00e1 en el norte y otro en el sudoeste de la ciudad y se estima que estar\u00e1n productivos para el a\u00f1o pr\u00f3ximo<\/p>\n","protected":false},"author":2,"featured_media":119585,"comment_status":"closed","ping_status":"closed","sticky":false,"template":"","format":"standard","meta":{"footnotes":""},"categories":[2],"tags":[10],"class_list":["post-119584","post","type-post","status-publish","format-standard","has-post-thumbnail","hentry","category-informe-municipal","tag-santa-fe"],"_links":{"self":[{"href":"http:\/\/argentinamunicipal.com.ar\/argentina\/wp-json\/wp\/v2\/posts\/119584","targetHints":{"allow":["GET"]}}],"collection":[{"href":"http:\/\/argentinamunicipal.com.ar\/argentina\/wp-json\/wp\/v2\/posts"}],"about":[{"href":"http:\/\/argentinamunicipal.com.ar\/argentina\/wp-json\/wp\/v2\/types\/post"}],"author":[{"embeddable":true,"href":"http:\/\/argentinamunicipal.com.ar\/argentina\/wp-json\/wp\/v2\/users\/2"}],"replies":[{"embeddable":true,"href":"http:\/\/argentinamunicipal.com.ar\/argentina\/wp-json\/wp\/v2\/comments?post=119584"}],"version-history":[{"count":0,"href":"http:\/\/argentinamunicipal.com.ar\/argentina\/wp-json\/wp\/v2\/posts\/119584\/revisions"}],"wp:featuredmedia":[{"embeddable":true,"href":"http:\/\/argentinamunicipal.com.ar\/argentina\/wp-json\/wp\/v2\/media\/119585"}],"wp:attachment":[{"href":"http:\/\/argentinamunicipal.com.ar\/argentina\/wp-json\/wp\/v2\/media?parent=119584"}],"wp:term":[{"taxonomy":"category","embeddable":true,"href":"http:\/\/argentinamunicipal.com.ar\/argentina\/wp-json\/wp\/v2\/categories?post=119584"},{"taxonomy":"post_tag","embeddable":true,"href":"http:\/\/argentinamunicipal.com.ar\/argentina\/wp-json\/wp\/v2\/tags?post=119584"}],"curies":[{"name":"wp","href":"https:\/\/api.w.org\/{rel}","templated":true}]}}