{"id":11960,"date":"2014-07-21T14:22:33","date_gmt":"2014-07-21T17:22:33","guid":{"rendered":"http:\/\/argentinamunicipal.com.ar\/argentina\/?p=11960"},"modified":"2014-07-21T14:22:33","modified_gmt":"2014-07-21T17:22:33","slug":"demanda-habitacional-en-ushuaia-proponen-cambios-en-el-codigo-de-planeamiento","status":"publish","type":"post","link":"http:\/\/argentinamunicipal.com.ar\/argentina\/demanda-habitacional-en-ushuaia-proponen-cambios-en-el-codigo-de-planeamiento\/","title":{"rendered":"Demanda habitacional en Ushuaia: Proponen cambios en el C\u00f3digo de Planeamiento"},"content":{"rendered":"<p><a href=\"http:\/\/argentinamunicipal.com.ar\/argentina\/wp-content\/uploads\/2014\/07\/1285860870-600ushuaia_panoramica_thumb_550.jpg\"><img loading=\"lazy\" decoding=\"async\" class=\"alignright size-full wp-image-11961\" src=\"http:\/\/argentinamunicipal.com.ar\/argentina\/wp-content\/uploads\/2014\/07\/1285860870-600ushuaia_panoramica_thumb_550.jpg\" alt=\"1285860870-600ushuaia_panoramica_thumb_550\" width=\"550\" height=\"412\" srcset=\"http:\/\/argentinamunicipal.com.ar\/argentina\/wp-content\/uploads\/2014\/07\/1285860870-600ushuaia_panoramica_thumb_550.jpg 550w, http:\/\/argentinamunicipal.com.ar\/argentina\/wp-content\/uploads\/2014\/07\/1285860870-600ushuaia_panoramica_thumb_550-300x224.jpg 300w\" sizes=\"auto, (max-width: 550px) 100vw, 550px\" \/><\/a>El Concejo Deliberante se expres\u00f3, durante la 6\u00aa sesi\u00f3n ordinaria del a\u00f1o, respecto de la necesidad de definir nuevos l\u00edmites de urbanizaci\u00f3n superiores a los 115 metros sobre el nivel del mar \u2013m\u00e1ximo establecido en el Plan de Desarrollo Urbano de la ciudad- para lo cual resulta pertinente realizar una modificaci\u00f3n del C\u00f3digo de Planeamiento Urbano.<\/p>\n<p>Los concejales enviaron un documento al intendente, Federico Sciurano, solicit\u00e1ndole que remita al Cuerpo un proyecto de ordenanza que permita la generaci\u00f3n de nuevas urbanizaciones por encima de dicha altura, advirtiendo que \u201cya existen antecedentes de barrios que se encuentran ubicados sobre la cota permitida actualmente, como el caso del Mirador del Beagle\u201d, que se desarrolla entre los 135 y los 185 metros sobre el nivel del mar, al afirmar que en dicha altura actualmente \u201chay sectores con factibilidad de agua potable y que no tienen bosque comunal, por lo que el impacto ambiental ser\u00eda m\u00ednimo\u201d.<\/p>\n<p>La iniciativa requiere al municipio que analice la posibilidad de implementar nuevas acciones tendientes a la incorporaci\u00f3n de tierras para urbanizar y brindar soluciones habitacionales a los vecinos, y considera que la restricci\u00f3n de altura para urbanizaci\u00f3n obstaculiza la oferta de terrenos para brindar soluciones r\u00e1pidas que contribuyan a evitar la proliferaci\u00f3n de los asentamientos irregulares.<\/p>\n<p>La concejal Viviana Guglielmi (UCR) explic\u00f3 que durante la elaboraci\u00f3n del Plan de Desarrollo Urbano, en el a\u00f1o 2003, se definieron las dimensiones de crecimiento de la ciudad, determinando que resultaba conveniente \u201ccrecer desde el suelo hacia el cielo, es decir, en altura, y no extenderse territorialmente\u201d, lo que dio lugar a la identificaci\u00f3n de l\u00edmites, \u201chacia el sur el mar; hacia el este el rio Olivia, hacia el oeste el Parque Nacional y hacia el norte 115 metros sobre el nivel del mar\u201d.<\/p>\n<p>La edil record\u00f3 que el l\u00edmite establecido hacia el norte se produjo en base a las observaciones de la DPOSS, que en ese momento plante\u00f3 la imposibilidad de brindar el servicio de agua potable por encima de esa altura. \u201cA partir de ello, todo lo que est\u00e1 sobre ese nivel est\u00e1 zonificado en el C\u00f3digo de Planeamiento Urbano como bosque comunal, que no puede ser urbanizado\u201d, subray\u00f3, y ratific\u00f3 la necesidad de \u201canalizar la posibilidad de modificar esa zonificaci\u00f3n, y ver si podr\u00edan generarse nuevas urbanizaciones\u201d.<\/p>\n<p>A partir de la remisi\u00f3n del documento al Intendente, los concejales ratificaron su intenci\u00f3n de apoyar las normas que contribuyan a la generaci\u00f3n de suelo urbano para brindar respuestas a la demanda habitacional, uno de los principales problemas en la ciudad.<\/p>\n<h6>Fuente: Sur 54<\/h6>\n","protected":false},"excerpt":{"rendered":"<p>El Concejo Deliberante se expres\u00f3, durante la 6\u00aa sesi\u00f3n ordinaria del a\u00f1o, respecto de la necesidad de definir nuevos l\u00edmites de urbanizaci\u00f3n superiores a los 115 metros sobre el nivel del mar \u2013m\u00e1ximo establecido en el Plan de Desarrollo Urbano de la ciudad- para lo cual resulta pertinente realizar una modificaci\u00f3n del C\u00f3digo de Planeamiento<\/p>\n","protected":false},"author":2,"featured_media":11961,"comment_status":"closed","ping_status":"closed","sticky":false,"template":"","format":"standard","meta":{"footnotes":""},"categories":[2],"tags":[34],"class_list":["post-11960","post","type-post","status-publish","format-standard","has-post-thumbnail","hentry","category-informe-municipal","tag-tierra-del-fuego"],"_links":{"self":[{"href":"http:\/\/argentinamunicipal.com.ar\/argentina\/wp-json\/wp\/v2\/posts\/11960","targetHints":{"allow":["GET"]}}],"collection":[{"href":"http:\/\/argentinamunicipal.com.ar\/argentina\/wp-json\/wp\/v2\/posts"}],"about":[{"href":"http:\/\/argentinamunicipal.com.ar\/argentina\/wp-json\/wp\/v2\/types\/post"}],"author":[{"embeddable":true,"href":"http:\/\/argentinamunicipal.com.ar\/argentina\/wp-json\/wp\/v2\/users\/2"}],"replies":[{"embeddable":true,"href":"http:\/\/argentinamunicipal.com.ar\/argentina\/wp-json\/wp\/v2\/comments?post=11960"}],"version-history":[{"count":0,"href":"http:\/\/argentinamunicipal.com.ar\/argentina\/wp-json\/wp\/v2\/posts\/11960\/revisions"}],"wp:featuredmedia":[{"embeddable":true,"href":"http:\/\/argentinamunicipal.com.ar\/argentina\/wp-json\/wp\/v2\/media\/11961"}],"wp:attachment":[{"href":"http:\/\/argentinamunicipal.com.ar\/argentina\/wp-json\/wp\/v2\/media?parent=11960"}],"wp:term":[{"taxonomy":"category","embeddable":true,"href":"http:\/\/argentinamunicipal.com.ar\/argentina\/wp-json\/wp\/v2\/categories?post=11960"},{"taxonomy":"post_tag","embeddable":true,"href":"http:\/\/argentinamunicipal.com.ar\/argentina\/wp-json\/wp\/v2\/tags?post=11960"}],"curies":[{"name":"wp","href":"https:\/\/api.w.org\/{rel}","templated":true}]}}