{"id":119698,"date":"2021-10-20T05:03:04","date_gmt":"2021-10-20T08:03:04","guid":{"rendered":"http:\/\/argentinamunicipal.com.ar\/argentina\/?p=119698"},"modified":"2021-10-19T20:07:07","modified_gmt":"2021-10-19T23:07:07","slug":"perotti-el-puente-santa-fe-santo-tome-es-una-prioridad","status":"publish","type":"post","link":"http:\/\/argentinamunicipal.com.ar\/argentina\/perotti-el-puente-santa-fe-santo-tome-es-una-prioridad\/","title":{"rendered":"Perotti: \u00abEl puente Santa Fe-Santo Tom\u00e9 es una prioridad\u00bb"},"content":{"rendered":"<p>Dijo que se sigue trabajando en el proyecto ejecutivo, para avanzar de manera concreta. Y que la obra \u201cya estuvo varias veces en el presupuesto\u201d, sin que luego tuviera concreci\u00f3n.<\/p>\n<p>El gobernador Omar Perotti admiti\u00f3 que la obra del nuevo puente Santa Fe-Santo Tom\u00e9 a\u00fan \u201cno est\u00e1 en el presupuesto nacional\u201d, pero que por lo tanto es motivo de gestiones, que abarcan la reciente visita del ministro de Obras P\u00fablicas de la Naci\u00f3n, Gabriel Katopodis y ata\u00f1en al \u00e1rea de su hom\u00f3loga provincial, Silvina Frana.<\/p>\n<p>Al ser consultado al respecto, el mandatario puso el tema en el contexto de los convenios firmados con la Naci\u00f3n para mejorar los accesos viales a la ciudad de Santa Fe mediante un \u00abambicioso\u00bb programa de inversi\u00f3n de 10.000 millones de pesos.<\/p>\n<p>\u201cSe trata de la puesta en valor, mejoras en la calzada y en todo lo que tiene que ver con las se\u00f1ales verticales, horizontales y mejoras en la iluminaci\u00f3n. Dos etapas: la primera es la que ponemos ya en marcha por 5 mil millones y la otra que completa por el mismo valor para tomar desde el ingreso al t\u00fanel Subfluvial hasta Candioti\u201d, expuso.<\/p>\n<p>El gobernador hizo notar que \u201cson m\u00e1s de 50 kil\u00f3metros\u201d.Y, con respecto al puente, subray\u00f3 que\u00a0 que \u201cel ministro fue muy claro: sabe de nuestra prioridad y sabe de nuestra responsabilidad en los anuncios y en el trabajo. \u00bfSe est\u00e1 trabajando t\u00e9cnicamente? Si y muy bien. \u00bfSe est\u00e1 avanzando en esas resoluciones? Se ha avanzado.<\/p>\n<p>\u201cPero al no estar terminado no lo incorporaron en el presupuesto. Ha habido mejoras en estos meses de trabajo; si eso permite que los legisladores lo incorporen ser\u00e1 una primera se\u00f1al. Pero varias veces estuvo en el presupuesto. Vamos a hablar del puente cuando tengamos plena certeza de que vamos a estar viviendo un d\u00eda como hoy y se va a licitar\u201d, a\u00f1adi\u00f3.<\/p>\n<p>\u201cHablamos de los hechos, de las cosas concretas\u201d, recalc\u00f3 Perotti. \u201cSe est\u00e1 trabajando y para nosotros es una prioridad. Pero de la misma manera en que se tom\u00f3 prioritariamente la obra de saneamiento, de jerarquizar los accesos a la ciudad capital con una inversi\u00f3n important\u00edsima pero la necesidad de garantizar seguridad en todos los sentidos: la seguridad vial y la seguridad de las personas y de quienes transitan, es lo que nos lleva a tener esas partes t\u00e9cnicas definidas y prontas a licitar\u201d.<\/p>\n<h6>Fuente: El Litoral<\/h6>\n","protected":false},"excerpt":{"rendered":"<p>Dijo que se sigue trabajando en el proyecto ejecutivo, para avanzar de manera concreta. Y que la obra \u201cya estuvo varias veces en el presupuesto\u201d, sin que luego tuviera concreci\u00f3n.<\/p>\n","protected":false},"author":2,"featured_media":119699,"comment_status":"closed","ping_status":"closed","sticky":false,"template":"","format":"standard","meta":{"footnotes":""},"categories":[4],"tags":[10],"class_list":["post-119698","post","type-post","status-publish","format-standard","has-post-thumbnail","hentry","category-informe-politico","tag-santa-fe"],"_links":{"self":[{"href":"http:\/\/argentinamunicipal.com.ar\/argentina\/wp-json\/wp\/v2\/posts\/119698","targetHints":{"allow":["GET"]}}],"collection":[{"href":"http:\/\/argentinamunicipal.com.ar\/argentina\/wp-json\/wp\/v2\/posts"}],"about":[{"href":"http:\/\/argentinamunicipal.com.ar\/argentina\/wp-json\/wp\/v2\/types\/post"}],"author":[{"embeddable":true,"href":"http:\/\/argentinamunicipal.com.ar\/argentina\/wp-json\/wp\/v2\/users\/2"}],"replies":[{"embeddable":true,"href":"http:\/\/argentinamunicipal.com.ar\/argentina\/wp-json\/wp\/v2\/comments?post=119698"}],"version-history":[{"count":0,"href":"http:\/\/argentinamunicipal.com.ar\/argentina\/wp-json\/wp\/v2\/posts\/119698\/revisions"}],"wp:featuredmedia":[{"embeddable":true,"href":"http:\/\/argentinamunicipal.com.ar\/argentina\/wp-json\/wp\/v2\/media\/119699"}],"wp:attachment":[{"href":"http:\/\/argentinamunicipal.com.ar\/argentina\/wp-json\/wp\/v2\/media?parent=119698"}],"wp:term":[{"taxonomy":"category","embeddable":true,"href":"http:\/\/argentinamunicipal.com.ar\/argentina\/wp-json\/wp\/v2\/categories?post=119698"},{"taxonomy":"post_tag","embeddable":true,"href":"http:\/\/argentinamunicipal.com.ar\/argentina\/wp-json\/wp\/v2\/tags?post=119698"}],"curies":[{"name":"wp","href":"https:\/\/api.w.org\/{rel}","templated":true}]}}