{"id":119755,"date":"2021-10-21T05:20:41","date_gmt":"2021-10-21T08:20:41","guid":{"rendered":"http:\/\/argentinamunicipal.com.ar\/argentina\/?p=119755"},"modified":"2021-10-20T20:23:44","modified_gmt":"2021-10-20T23:23:44","slug":"venado-tuerto-tendra-aduana-autonoma-y-habra-conectividad-en-el-parque-industrial","status":"publish","type":"post","link":"http:\/\/argentinamunicipal.com.ar\/argentina\/venado-tuerto-tendra-aduana-autonoma-y-habra-conectividad-en-el-parque-industrial\/","title":{"rendered":"Venado Tuerto tendr\u00e1 Aduana aut\u00f3noma y habr\u00e1 conectividad en el Parque Industrial"},"content":{"rendered":"<p>Con la presencia de la legisladora nacional firmatense y las m\u00e1ximas autoridades de la Direcci\u00f3n General de Aduanas y el Enacom, en la tarde de este mi\u00e9rcoles se oficializ\u00f3 el inmediato ascenso de categor\u00eda de la Aduana venadense y el servicio de conectividad para el Parque Industrial en 2022. Los industriales locales agradecieron las gestiones de Sacnun.<\/p>\n<p>Como hab\u00eda sido anticipo de Sur24 en horas del mediod\u00eda de este mi\u00e9rcoles, la senadora nacional Marilyn Sacnun; el director nacional del Ente Nacional de Comunicaciones (Enacom), Gonzalo Quilodr\u00e1n, y la directora general de Aduanas, Silvia Traverso, luego de reunirse con directivos del Parque industrial \u201cLa Victoria\u201d y de la Aduana local, cuya sede se emplaza en el mismo complejo fabril, atendieron a la prensa local y regional y confirmaron lo que se supon\u00eda: el Resguardo Aduanero se jerarquiz\u00f3 y desde ahora la ciudad contar\u00e1 con plena autonom\u00eda en la operatoria como Aduana, y el Enacom ratific\u00f3 el comienzo de los trabajos para dotar al Parque Industrial, el a\u00f1o entrante, de la indispensable conectividad.<\/p>\n<p>En primer lugar tom\u00f3 la palabra el director regional de Educaci\u00f3n, Sebastian Roma, quien valoriz\u00f3 la importancia de ambos anuncios para la ciudad y la regi\u00f3n, destacando las gestiones que en tal sentido llev\u00f3 a cabo la legisladora firmatense, quien a continuaci\u00f3n elogi\u00f3 el accionar de los gobiernos nacional y provincial para hacer posibles estas realizaciones que favorecen a la industria en particular y a la comunidad en general.<\/p>\n<p>Sacnun remarc\u00f3 la influencia de la conectividad para un Parque Industrial como el venadense, que es \u201cuno de los m\u00e1s grandes de la provincia y alberga unas 2.300 personas entre trabajadores y trabajadoras\u201d, a\u00f1adiendo con orgullo que, para nosotros, \u201cgobernar es crear trabajo\u201d. Tambi\u00e9n se\u00f1al\u00f3 que todos los \u00edndices de la industria muestran que \u201cSanta Fe est\u00e1 liderando a nivel pa\u00eds la recuperaci\u00f3n de la actividad econ\u00f3mica y productiva, como tambi\u00e9n del empleo registrado\u201d.<\/p>\n<p><strong>Autonom\u00eda aduanera<\/strong><\/p>\n<p>La directora general de Aduanas, Silvia Traverso, valor\u00f3 que \u201cestamos poniendo en funcionamiento una Aduana que fue creada en 2015 y que nunca se implement\u00f3, sino que permaneci\u00f3 operando como un Resguardo, dependiendo de Villa Constituci\u00f3n. No pudimos habilitarla antes porque apenas asumimos nos sorprendi\u00f3 la pandemia, la mitad del personal estaba en sus casas y no se dieron las circunstancias para acelerar con la recategorizaci\u00f3n\u201d, admiti\u00f3.<\/p>\n<p>\u201cHoy la estamos dotando de los sistemas, las claves y el personal, incluso designamos una administradora que estar\u00e1 arribando en los pr\u00f3ximos d\u00edas y en noviembre empezar\u00e1 a funcionar como Aduana\u201d, precis\u00f3.<\/p>\n<p>\u201cSin duda que el cambio ser\u00e1 notorio porque las empresas de la ciudad y la regi\u00f3n tendr\u00e1n su Aduana en las cercan\u00edas, y adem\u00e1s de aumentar los controles, que para nosotros es muy importante, lo que se logra al mismo tiempo es abaratar costos y agilizar el comercio exterior, que es uno de los objetivos de la fuerza empresarial de la zona\u201d, sostuvo Traverso.<\/p>\n<p>\u201cPor supuesto que esta recategorizaci\u00f3n est\u00e1 largamente justificada porque hay m\u00e1s de 70 operadores de comercio exterior y en 2020, a pesar de las circunstancias, se hicieron m\u00e1s de 2.600 operaciones, es decir que la Aduana era una necesidad, tanto por cantidad de operaciones, como por los montos\u201d, argument\u00f3 la funcionaria.<\/p>\n<p><strong>Conectividad en breve<\/strong><\/p>\n<p>A su turno, el director nacional del Enacom, Gonzalo Quilodr\u00e1n, agradeci\u00f3 en primer t\u00e9rmino a la senadora Sacnun, quien \u201cpuso en agenda desde 2020 la necesidad de que los parques industriales cuenten con un programa espec\u00edfico para tener conectividad en sus predios, que es lo que estamos llevando adelante desde Enacom junto con el Ministerio de Desarrollo Productivo\u201d, explic\u00f3 el funcionario de origen salte\u00f1o.<\/p>\n<p>\u201cNosotros estamos analizando para el Parque Industria venadense el tendido de fibra \u00f3ptica interno -con alg\u00fan salto de enlace- de primer nivel. Queremos terminar el proyecto t\u00e9cnico antes de fin de a\u00f1o y en 2022 ejecutar la obra. Adem\u00e1s, en di\u00e1logo con los directivos de La Victoria, Quilodr\u00e1n sugiri\u00f3 la posibilidad de que una isla central del complejo fabril pueda dedicarse a la programaci\u00f3n y la econom\u00eda del conocimiento.<\/p>\n<p>\u201cAprovechamos la oportunidad para reunirnos con cooperativas y pymes del sur santafesino que son los que hicieron posible durante todo este tiempo la continuidad de un servicio como el de Internet, que hoy se convirti\u00f3 en imprescindible en nuestra vida cotidiana, para trabajar y para educar, por ejemplo. Y queremos que este servicio est\u00e9 disponible para todos y con independencia del lugar donde vivamos, porque la pandemia desnud\u00f3 la inequidad en la infraestructura, ya que en Argentina conviven ciudades hiperconectadas y otras que carecen de las nuevas tecnolog\u00edas\u201d, complet\u00f3 el m\u00e1ximo referente del Enacom.<\/p>\n<p><strong>Las voces venadenses<\/strong><\/p>\n<p>El presidente de la Cricex observ\u00f3 que la transformaci\u00f3n del Resguardo Aduanero, dependiente de Villa Constituci\u00f3n, en una Aduana con autonom\u00eda plena, era una necesidad para la industria. \u201cCreemos que es un paso muy importante porque optimiza los tiempos y eso nos vuelve m\u00e1s competitivos, adquiriendo as\u00ed la regi\u00f3n una fortaleza m\u00e1s\u201d, indic\u00f3.<\/p>\n<p>Por su parte, el presidente anfitri\u00f3n Jorge Alvarez hizo eje en la conectividad, acotando que \u201cadem\u00e1s de brindar un servicio adecuado a las empresas actuales, posibilitar\u00e1 la radicaci\u00f3n de industrias del conocimiento que van a tener garantizado un insumo b\u00e1sico para su actividad\u201d.<\/p>\n<h6>Fuente: El Litoral<\/h6>\n","protected":false},"excerpt":{"rendered":"<p>en la tarde de este mi\u00e9rcoles se oficializ\u00f3 el inmediato ascenso de categor\u00eda de la Aduana venadense y el servicio de conectividad para el Parque Industrial en 2022. Los industriales locales agradecieron las gestiones de Sacnun.<\/p>\n","protected":false},"author":2,"featured_media":119756,"comment_status":"closed","ping_status":"closed","sticky":false,"template":"","format":"standard","meta":{"footnotes":""},"categories":[2],"tags":[10],"class_list":["post-119755","post","type-post","status-publish","format-standard","has-post-thumbnail","hentry","category-informe-municipal","tag-santa-fe"],"_links":{"self":[{"href":"http:\/\/argentinamunicipal.com.ar\/argentina\/wp-json\/wp\/v2\/posts\/119755","targetHints":{"allow":["GET"]}}],"collection":[{"href":"http:\/\/argentinamunicipal.com.ar\/argentina\/wp-json\/wp\/v2\/posts"}],"about":[{"href":"http:\/\/argentinamunicipal.com.ar\/argentina\/wp-json\/wp\/v2\/types\/post"}],"author":[{"embeddable":true,"href":"http:\/\/argentinamunicipal.com.ar\/argentina\/wp-json\/wp\/v2\/users\/2"}],"replies":[{"embeddable":true,"href":"http:\/\/argentinamunicipal.com.ar\/argentina\/wp-json\/wp\/v2\/comments?post=119755"}],"version-history":[{"count":0,"href":"http:\/\/argentinamunicipal.com.ar\/argentina\/wp-json\/wp\/v2\/posts\/119755\/revisions"}],"wp:featuredmedia":[{"embeddable":true,"href":"http:\/\/argentinamunicipal.com.ar\/argentina\/wp-json\/wp\/v2\/media\/119756"}],"wp:attachment":[{"href":"http:\/\/argentinamunicipal.com.ar\/argentina\/wp-json\/wp\/v2\/media?parent=119755"}],"wp:term":[{"taxonomy":"category","embeddable":true,"href":"http:\/\/argentinamunicipal.com.ar\/argentina\/wp-json\/wp\/v2\/categories?post=119755"},{"taxonomy":"post_tag","embeddable":true,"href":"http:\/\/argentinamunicipal.com.ar\/argentina\/wp-json\/wp\/v2\/tags?post=119755"}],"curies":[{"name":"wp","href":"https:\/\/api.w.org\/{rel}","templated":true}]}}