{"id":119807,"date":"2021-10-22T05:14:25","date_gmt":"2021-10-22T08:14:25","guid":{"rendered":"http:\/\/argentinamunicipal.com.ar\/argentina\/?p=119807"},"modified":"2021-10-21T20:18:33","modified_gmt":"2021-10-21T23:18:33","slug":"ley-de-conectividad-diputados-aprobo-el-proyecto-oficial","status":"publish","type":"post","link":"http:\/\/argentinamunicipal.com.ar\/argentina\/ley-de-conectividad-diputados-aprobo-el-proyecto-oficial\/","title":{"rendered":"Ley de Conectividad: Diputados aprob\u00f3 el proyecto oficial"},"content":{"rendered":"<p>La ley de Conectividad era uno de los proyectos impulsados por el gobierno de Omar Perotti desde el primer d\u00eda de la gesti\u00f3n<\/p>\n<p>La C\u00e1mara de Diputados de Santa Fe convirti\u00f3 en ley este jueves el Programa de Inclusi\u00f3n Digital y Transformaci\u00f3n Educativa \u201cSanta Fe + Conectada\u201d, que permitir\u00e1 poner en marcha un plan estrat\u00e9gico de conectividad en toda la provincia con el prop\u00f3sito de garantizar a la comunidad el acceso universal a las Tecnolog\u00edas de la Informaci\u00f3n y las Comunicaciones (TICs).<br \/>\nSe estima que los beneficiarios ser\u00e1n aproximadamente tres millones de personas y el programa, con un plazo de ejecuci\u00f3n de cuatro a\u00f1os, alcanzar\u00e1 a todas las ciudades y comunas santafesinas.<\/p>\n<p>Para llevar a cabo el proyecto, Diputados aprob\u00f3 un endeudamiento de 100 millones de d\u00f3lares. La iniciativa cosech\u00f3 39 votos a favor y 11 abstenciones. No la apoyaron el bloque Evoluci\u00f3n, que preside el radical Maximiliano Pullaro, y Amalia Granata.<\/p>\n<p>El mensaje con la norma dise\u00f1ada por el Poder Ejecutivo provincial que encabeza Omar Perotti -ya conocida como\u00a0ley de Conectividad-, hab\u00eda sido enviado a la Legislatura el 29 de septiembre de 2020 y contaba hasta hoy con media sanci\u00f3n del Senado. El programa favorecer\u00e1 la inclusi\u00f3n de la poblaci\u00f3n santafesina en el mundo digital bajo est\u00e1ndares de calidad, optimizaci\u00f3n del uso del espectro radioel\u00e9ctrico y capacitaci\u00f3n e investigaci\u00f3n en TICs.<\/p>\n<p>\u201cSanta Fe + Conectada\u201d requiere para su implementaci\u00f3n un monto de 124.670.000 d\u00f3lares. De ese total, 100 millones (aproximadamente el 80 por ciento) ser\u00e1n cubiertos por el Banco de Desarrollo de Am\u00e9rica Latina, en tanto los 24.670.000 d\u00f3lares restantes ser\u00e1n afrontados por el Estado santafesino con recursos propios. La ley que aprob\u00f3 la C\u00e1mara de Diputados autoriza precisamente al Gobierno a tomar esa deuda.<\/p>\n<p>El endeudamiento se realizar\u00e1 bajo condiciones financieras reguladas por la tasa de inter\u00e9s LIBOR + Margen (1.97% anual) y un plazo de amortizaci\u00f3n de 15 a\u00f1os, con cinco de gracia, para el pago del capital.<\/p>\n<p>La ley de Conectividad tuvo \u201cluz verde\u201d en la Legislatura luego de una reuni\u00f3n que mantuvieran, un d\u00eda antes de la sesi\u00f3n, el ministro de Gesti\u00f3n P\u00fablica, Marcos Corach, y el secretario de Gobierno, Oscar Urruty, con miembros de la Comisi\u00f3n de Asuntos Constitucionales de la C\u00e1mara: los oficialistas Leandro Busatto y Luis Rubeo; Joaqu\u00edn Blanco, Esteban Lenci y Gisel Mahmud, del Frente Progresista; Ariel Berm\u00fadez, de Creo, y Alejandro Boscarol, de Juntos por el Cambio.<\/p>\n<p>La comisi\u00f3n comunic\u00f3 al ministro los resultados surgidos de las audiencias p\u00fablicas que se realizaron en el seno de la C\u00e1mara a comienzos de a\u00f1o a prop\u00f3sito del proyecto y Corach se comprometi\u00f3 a integrar esas sugerencias en el correspondiente decreto reglamentario de la ley.<\/p>\n<p><strong>Reducir la brecha tecnol\u00f3gica<\/strong><\/p>\n<p>\u201cSanta Fe + Conectada\u201d permitir\u00e1 reducir la brecha tecnol\u00f3gica -mostrada exponencialmente durante la pandemia-, a trav\u00e9s del tendido de m\u00e1s de 4.000 kil\u00f3metros de fibra \u00f3ptica, llegando as\u00ed a las 365 localidades de la provincia (200 ser\u00e1n alcanzadas con banda ancha y 165 a trav\u00e9s de radio enlace).<\/p>\n<p>Actualmente, el 72% de las escuelas santafesinas no posee conexi\u00f3n a Internet para uso pedag\u00f3gico, lo que representa el 54% de los alumnos de la provincia.<\/p>\n<p>Con \u201cSanta Fe + Conectada\u201d se ampliar\u00e1 y modernizar\u00e1 la infraestructura del sistema de conectividad para promover la inclusi\u00f3n digital, la transformaci\u00f3n educativa y la reducci\u00f3n de brechas tecnol\u00f3gicas, productivas y de g\u00e9nero con un desarrollo sustentable.<\/p>\n<p>Oportunamente, la ministra de Educaci\u00f3n, Adriana Cantero, sostuvo que extender la conectividad es \u201cun derecho que cumplir\u00eda con una premisa de justicia social. Si bien es cierto que la educaci\u00f3n virtual no es una modalidad -reflexion\u00f3 la ministra-, es muy cierto tambi\u00e9n que se transforma en un recurso estrat\u00e9gico fundamental para mediar otros modos de aprender, otros modos de construir el aprendizaje y facilitar el acceso a las competencias fundamentales, con criterios de igualdad y justicia curricular\u201d.<\/p>\n<p>A partir de la aplicaci\u00f3n de las primeras medidas sanitarias por el Covid-19, se puso en evidencia el relieve de las tecnolog\u00edas digitales para la prestaci\u00f3n de servicios p\u00fablicos, contrarrestar el aislamiento y facilitar el funcionamiento de sistemas econ\u00f3micos. Las brechas de acceso a una conectividad de calidad mostraron la fragilidad en la que se encuentran muchos segmentos de la poblaci\u00f3n, como los hogares de bajos ingresos, los habitantes de zonas perif\u00e9ricas y los adultos mayores.<\/p>\n<p>Es en ese sentido, que la universalizaci\u00f3n del acceso y las inversiones en infraestructura digital de calidad, se tornaron urgentes y el Gobierno santafesino tom\u00f3 cartas en el asunto.<\/p>\n<h6>Fuente: La Capital<\/h6>\n","protected":false},"excerpt":{"rendered":"<p>La ley de Conectividad era uno de los proyectos impulsados por el gobierno de Omar Perotti desde el primer d\u00eda de la gesti\u00f3n<\/p>\n","protected":false},"author":2,"featured_media":119808,"comment_status":"closed","ping_status":"closed","sticky":false,"template":"","format":"standard","meta":{"footnotes":""},"categories":[65],"tags":[10],"class_list":["post-119807","post","type-post","status-publish","format-standard","has-post-thumbnail","hentry","category-provincias","tag-santa-fe"],"_links":{"self":[{"href":"http:\/\/argentinamunicipal.com.ar\/argentina\/wp-json\/wp\/v2\/posts\/119807","targetHints":{"allow":["GET"]}}],"collection":[{"href":"http:\/\/argentinamunicipal.com.ar\/argentina\/wp-json\/wp\/v2\/posts"}],"about":[{"href":"http:\/\/argentinamunicipal.com.ar\/argentina\/wp-json\/wp\/v2\/types\/post"}],"author":[{"embeddable":true,"href":"http:\/\/argentinamunicipal.com.ar\/argentina\/wp-json\/wp\/v2\/users\/2"}],"replies":[{"embeddable":true,"href":"http:\/\/argentinamunicipal.com.ar\/argentina\/wp-json\/wp\/v2\/comments?post=119807"}],"version-history":[{"count":0,"href":"http:\/\/argentinamunicipal.com.ar\/argentina\/wp-json\/wp\/v2\/posts\/119807\/revisions"}],"wp:featuredmedia":[{"embeddable":true,"href":"http:\/\/argentinamunicipal.com.ar\/argentina\/wp-json\/wp\/v2\/media\/119808"}],"wp:attachment":[{"href":"http:\/\/argentinamunicipal.com.ar\/argentina\/wp-json\/wp\/v2\/media?parent=119807"}],"wp:term":[{"taxonomy":"category","embeddable":true,"href":"http:\/\/argentinamunicipal.com.ar\/argentina\/wp-json\/wp\/v2\/categories?post=119807"},{"taxonomy":"post_tag","embeddable":true,"href":"http:\/\/argentinamunicipal.com.ar\/argentina\/wp-json\/wp\/v2\/tags?post=119807"}],"curies":[{"name":"wp","href":"https:\/\/api.w.org\/{rel}","templated":true}]}}