{"id":119983,"date":"2021-10-28T05:11:34","date_gmt":"2021-10-28T08:11:34","guid":{"rendered":"http:\/\/argentinamunicipal.com.ar\/argentina\/?p=119983"},"modified":"2021-10-27T06:13:56","modified_gmt":"2021-10-27T09:13:56","slug":"santa-fe-hay-mas-de-130-locales-vacios-sobre-la-peatonal-san-martin","status":"publish","type":"post","link":"http:\/\/argentinamunicipal.com.ar\/argentina\/santa-fe-hay-mas-de-130-locales-vacios-sobre-la-peatonal-san-martin\/","title":{"rendered":"Santa Fe: Hay m\u00e1s de 130 locales vac\u00edos sobre la peatonal San Mart\u00edn"},"content":{"rendered":"<p>El Departamento de Investigaciones Econ\u00f3micas y Sociales del Centro Comercial de Santa Fe difundi\u00f3 el \u00faltimo relevamiento de locales comerciales en el macrocentro de la ciudad.<\/p>\n<p>Son 40 las zonas y arterias relevadas: desde Gral L\u00f3pez hasta Boulevard G\u00e1lvez\/Pellegrini; desde Belgrano hasta Urquiza; avenidas: Gral Paz, Arist\u00f3bulo del Valle, Facundo Zuvir\u00eda, Blas Parera, Estanislao Zeballos, Salvador del Carril, Boulevard G\u00e1lvez\/Pellegrini.<\/p>\n<p>Del mismo se desprende que en total son 1385 los locales que se encuentran vac\u00edos con el dato sobresaliente de que, solo en la peatonal San Mart\u00edn son 134.<\/p>\n<p>Al respecto, Jorge Baremberg, integrante de la Asociaci\u00f3n Amigos de Calle San Mart\u00edn, sostuvo que \u201ces lamentable porque normalmente la peatonal, que siempre fue la fortaleza del Centro Comercial, est\u00e1 en estas condiciones\u201d.<\/p>\n<p>\u201cMuchos comerciantes quedaron en el camino producto de la pandemia, no pudieron sobrevivir a la situaci\u00f3n y no hablo solo de comerciantes que eran \u201cnuevos\u201d sino firmas de muchos a\u00f1os. Es un gran llamado a una mejor pol\u00edtica econ\u00f3mica para revertir esta situaci\u00f3n\u201d, agreg\u00f3 y afirm\u00f3 que si bien \u201cvenimos con algunos repuntes\u201d, todav\u00eda \u201cno alcanzan a a\u00f1os de anteriores\u201d.<\/p>\n<h6>Fuente: El Litoral<\/h6>\n","protected":false},"excerpt":{"rendered":"<p>El Departamento de Investigaciones Econ\u00f3micas y Sociales del Centro Comercial de Santa Fe difundi\u00f3 el \u00faltimo relevamiento de locales comerciales en el macrocentro de la ciudad.<\/p>\n","protected":false},"author":2,"featured_media":119984,"comment_status":"closed","ping_status":"closed","sticky":false,"template":"","format":"standard","meta":{"footnotes":""},"categories":[2],"tags":[10],"class_list":["post-119983","post","type-post","status-publish","format-standard","has-post-thumbnail","hentry","category-informe-municipal","tag-santa-fe"],"_links":{"self":[{"href":"http:\/\/argentinamunicipal.com.ar\/argentina\/wp-json\/wp\/v2\/posts\/119983","targetHints":{"allow":["GET"]}}],"collection":[{"href":"http:\/\/argentinamunicipal.com.ar\/argentina\/wp-json\/wp\/v2\/posts"}],"about":[{"href":"http:\/\/argentinamunicipal.com.ar\/argentina\/wp-json\/wp\/v2\/types\/post"}],"author":[{"embeddable":true,"href":"http:\/\/argentinamunicipal.com.ar\/argentina\/wp-json\/wp\/v2\/users\/2"}],"replies":[{"embeddable":true,"href":"http:\/\/argentinamunicipal.com.ar\/argentina\/wp-json\/wp\/v2\/comments?post=119983"}],"version-history":[{"count":0,"href":"http:\/\/argentinamunicipal.com.ar\/argentina\/wp-json\/wp\/v2\/posts\/119983\/revisions"}],"wp:featuredmedia":[{"embeddable":true,"href":"http:\/\/argentinamunicipal.com.ar\/argentina\/wp-json\/wp\/v2\/media\/119984"}],"wp:attachment":[{"href":"http:\/\/argentinamunicipal.com.ar\/argentina\/wp-json\/wp\/v2\/media?parent=119983"}],"wp:term":[{"taxonomy":"category","embeddable":true,"href":"http:\/\/argentinamunicipal.com.ar\/argentina\/wp-json\/wp\/v2\/categories?post=119983"},{"taxonomy":"post_tag","embeddable":true,"href":"http:\/\/argentinamunicipal.com.ar\/argentina\/wp-json\/wp\/v2\/tags?post=119983"}],"curies":[{"name":"wp","href":"https:\/\/api.w.org\/{rel}","templated":true}]}}