{"id":11999,"date":"2014-07-22T08:47:44","date_gmt":"2014-07-22T11:47:44","guid":{"rendered":"http:\/\/argentinamunicipal.com.ar\/argentina\/?p=11999"},"modified":"2014-07-22T08:47:44","modified_gmt":"2014-07-22T11:47:44","slug":"se-conformo-en-concordia-la-mesa-municipal-para-erradicar-el-trabajo-infantil","status":"publish","type":"post","link":"http:\/\/argentinamunicipal.com.ar\/argentina\/se-conformo-en-concordia-la-mesa-municipal-para-erradicar-el-trabajo-infantil\/","title":{"rendered":"Se conform\u00f3 en Concordia la Mesa Municipal para erradicar el trabajo infantil"},"content":{"rendered":"<p><a href=\"http:\/\/argentinamunicipal.com.ar\/argentina\/wp-content\/uploads\/2014\/07\/no-al-Trabajo-Infantil.jpg\"><img loading=\"lazy\" decoding=\"async\" class=\"alignright size-full wp-image-12001\" src=\"http:\/\/argentinamunicipal.com.ar\/argentina\/wp-content\/uploads\/2014\/07\/no-al-Trabajo-Infantil.jpg\" alt=\"no-al-Trabajo-Infantil\" width=\"492\" height=\"369\" srcset=\"http:\/\/argentinamunicipal.com.ar\/argentina\/wp-content\/uploads\/2014\/07\/no-al-Trabajo-Infantil.jpg 492w, http:\/\/argentinamunicipal.com.ar\/argentina\/wp-content\/uploads\/2014\/07\/no-al-Trabajo-Infantil-300x225.jpg 300w\" sizes=\"auto, (max-width: 492px) 100vw, 492px\" \/><\/a>Este lunes el intendente de Concordia, Gustavo Bordet, firm\u00f3 el convenio junto al secretario de Trabajo de Entre R\u00edos, An\u00edbal Brugna y la presidenta de la Comisi\u00f3n Nacional para la Erradicaci\u00f3n del Trabajo Infantil (Conaeti), Maria del Pilar Rey M\u00e9ndez 3 Se dispuso tambi\u00e9n la creaci\u00f3n de un Centro de Cuidado Infantil para hijos e hijas de trabajadores de la cosecha del Citrus y Ar\u00e1ndano en la localidad de Concordia \u2022 Del encuentro participaron autoridades de distintos organismos involucrados en la problem\u00e1tica<\/p>\n<p>Seg\u00fan consigna el proyecto que origin\u00f3 esta iniciativa, se tomaron como eje los objetivos del Plan Nacional para la Prevenci\u00f3n y Erradicaci\u00f3n del Trabajo Infantil y la Protecci\u00f3n del Trabajo Adolescente.<\/p>\n<p>De all\u00ed surgi\u00f3 como una primera medida la creaci\u00f3n de un Jard\u00edn de Cosecha para dar respuesta a la situaci\u00f3n de las familias durante la \u00e9poca de cosecha, atendiendo y promoviendo actividades que aporten al desarrollo de los ni\u00f1os y adolescentes abordando su atenci\u00f3n integral.<\/p>\n<p>\u00abConforme los datos relevados en las inspecciones laborales y de higiene y seguridad, realizadas en los departamentos Concordia y Federaci\u00f3n, se observa que el mayor porcentaje de infracciones por trabajo infantil y por incumplimiento a las condiciones del trabajo adolescente corresponden a ni\u00f1os, ni\u00f1as y\/o adolescentes que desarrollan actividades laborales en la cosecha de temporada del citrus y del ar\u00e1ndano. Raz\u00f3n que nos llev\u00f3 a delinear un proyecto que pueda resolver esta problem\u00e1tica\u00bb, indicaron desde el Ministerio de Trabajo.<\/p>\n<p>Este diagn\u00f3stico motiv\u00f3 que durante el a\u00f1o 2013 el Programa el \u00abMinisterio va a la Escuela\u00bb desarrollara talleres sobre esta tem\u00e1tica, destinados a Supervisores, Rectores, Directores, Docentes, alumnos.<\/p>\n<p>Tambi\u00e9n, impulsadas por la Comisi\u00f3n Nacional para la Erradicaci\u00f3n del Trabajo Infantil, se llevaron a cabo reuniones con docentes, alumnos y\/o padres en situaci\u00f3n de detecci\u00f3n de Trabajo Infantil y Adolescente. Participando diferentes \u00e1reas del Gobierno de Entre R\u00edos, el Ministerio de Trabajo, Empresarios y el Gremio de la Fruta.<\/p>\n<p>Consultado, el intendente Gustavo Bordet explic\u00f3 que la firma de este convenio tiene como antecedente el trabajo que se viene desarrollando junto al Ministerio de Trabajo de la provincia y la Naci\u00f3n. \u00abEn Entre R\u00edos, Concordia junto con Paran\u00e1, son las \u00fanicas ciudades que comenzamos con esta cruzada y este compromiso. Por eso decidimos conformar una Mesa de Gesti\u00f3n Local que realice un abordaje integral profundo y poder concientizar a toda la sociedad de que no es algo normal\u201d.<\/p>\n<h6>Fuente: APF Digital<\/h6>\n","protected":false},"excerpt":{"rendered":"<p>Este lunes el intendente de Concordia, Gustavo Bordet, firm\u00f3 el convenio junto al secretario de Trabajo de Entre R\u00edos, An\u00edbal Brugna y la presidenta de la Comisi\u00f3n Nacional para la Erradicaci\u00f3n del Trabajo Infantil (Conaeti), Maria del Pilar Rey M\u00e9ndez 3 Se dispuso tambi\u00e9n la creaci\u00f3n de un Centro de Cuidado Infantil para hijos e<\/p>\n","protected":false},"author":2,"featured_media":12001,"comment_status":"closed","ping_status":"closed","sticky":false,"template":"","format":"standard","meta":{"footnotes":""},"categories":[2],"tags":[17],"class_list":["post-11999","post","type-post","status-publish","format-standard","has-post-thumbnail","hentry","category-informe-municipal","tag-entre-rios"],"_links":{"self":[{"href":"http:\/\/argentinamunicipal.com.ar\/argentina\/wp-json\/wp\/v2\/posts\/11999","targetHints":{"allow":["GET"]}}],"collection":[{"href":"http:\/\/argentinamunicipal.com.ar\/argentina\/wp-json\/wp\/v2\/posts"}],"about":[{"href":"http:\/\/argentinamunicipal.com.ar\/argentina\/wp-json\/wp\/v2\/types\/post"}],"author":[{"embeddable":true,"href":"http:\/\/argentinamunicipal.com.ar\/argentina\/wp-json\/wp\/v2\/users\/2"}],"replies":[{"embeddable":true,"href":"http:\/\/argentinamunicipal.com.ar\/argentina\/wp-json\/wp\/v2\/comments?post=11999"}],"version-history":[{"count":0,"href":"http:\/\/argentinamunicipal.com.ar\/argentina\/wp-json\/wp\/v2\/posts\/11999\/revisions"}],"wp:featuredmedia":[{"embeddable":true,"href":"http:\/\/argentinamunicipal.com.ar\/argentina\/wp-json\/wp\/v2\/media\/12001"}],"wp:attachment":[{"href":"http:\/\/argentinamunicipal.com.ar\/argentina\/wp-json\/wp\/v2\/media?parent=11999"}],"wp:term":[{"taxonomy":"category","embeddable":true,"href":"http:\/\/argentinamunicipal.com.ar\/argentina\/wp-json\/wp\/v2\/categories?post=11999"},{"taxonomy":"post_tag","embeddable":true,"href":"http:\/\/argentinamunicipal.com.ar\/argentina\/wp-json\/wp\/v2\/tags?post=11999"}],"curies":[{"name":"wp","href":"https:\/\/api.w.org\/{rel}","templated":true}]}}